{"id":2813,"date":"2023-03-07T16:23:52","date_gmt":"2023-03-07T15:23:52","guid":{"rendered":"https:\/\/agora.xtec.cat\/zercepdesis\/?p=2813"},"modified":"2023-03-07T16:23:52","modified_gmt":"2023-03-07T15:23:52","slug":"nombres-romans","status":"publish","type":"post","link":"https:\/\/agora.xtec.cat\/zercepdesis\/esc-mor\/nombres-romans\/","title":{"rendered":"NOMBRES ROMANS!"},"content":{"rendered":"<p>Com b\u00e9 sabeu el centre d&#8217;inter\u00e8s d&#8217;enguany s\u00f3n les civilitzacions antigues. A l&#8217;escola vam fer la setmana cultural al voltant d&#8217;aquest tema, per\u00f2 a la classe dels Capgrossos hem fet el projecte del trimestre a m\u00e9s a m\u00e9s. L&#8217;altre dia vam gaudir jugant a fer nombres romans.<\/p>\n<p><a href=\"https:\/\/agora.xtec.cat\/zercepdesis\/wp-content\/uploads\/usu2412\/2023\/03\/Beige-Modern-Minimal-Family-Photo-Collage.jpg\"><img loading=\"lazy\" decoding=\"async\" class=\"alignnone size-large wp-image-2814\" src=\"https:\/\/agora.xtec.cat\/zercepdesis\/wp-content\/uploads\/usu2412\/2023\/03\/Beige-Modern-Minimal-Family-Photo-Collage-1024x819.jpg\" alt=\"\" width=\"1024\" height=\"819\" srcset=\"https:\/\/agora.xtec.cat\/zercepdesis\/wp-content\/uploads\/usu2412\/2023\/03\/Beige-Modern-Minimal-Family-Photo-Collage-1024x819.jpg 1024w, https:\/\/agora.xtec.cat\/zercepdesis\/wp-content\/uploads\/usu2412\/2023\/03\/Beige-Modern-Minimal-Family-Photo-Collage-300x240.jpg 300w, https:\/\/agora.xtec.cat\/zercepdesis\/wp-content\/uploads\/usu2412\/2023\/03\/Beige-Modern-Minimal-Family-Photo-Collage-768x614.jpg 768w, https:\/\/agora.xtec.cat\/zercepdesis\/wp-content\/uploads\/usu2412\/2023\/03\/Beige-Modern-Minimal-Family-Photo-Collage-1536x1229.jpg 1536w, https:\/\/agora.xtec.cat\/zercepdesis\/wp-content\/uploads\/usu2412\/2023\/03\/Beige-Modern-Minimal-Family-Photo-Collage.jpg 2000w\" sizes=\"auto, (max-width: 1024px) 100vw, 1024px\" \/><\/a><\/p>\n","protected":false},"excerpt":{"rendered":"<p>Com b\u00e9 sabeu el centre d&#8217;inter\u00e8s d&#8217;enguany s\u00f3n les civilitzacions antigues. A l&#8217;escola vam fer la setmana cultural al voltant d&#8217;aquest tema, per\u00f2 a la classe dels Capgrossos hem fet el projecte del trimestre a m\u00e9s a m\u00e9s. L&#8217;altre dia vam gaudir jugant a fer&hellip;  <a href=\"https:\/\/agora.xtec.cat\/zercepdesis\/esc-mor\/nombres-romans\/\" title=\"Read NOMBRES ROMANS!\">Llegeix m\u00e9s\u00bb<\/a><\/p>\n","protected":false},"author":1,"featured_media":0,"comment_status":"open","ping_status":"closed","sticky":false,"template":"","format":"standard","meta":{"_bbp_topic_count":0,"_bbp_reply_count":0,"_bbp_total_topic_count":0,"_bbp_total_reply_count":0,"_bbp_voice_count":0,"_bbp_anonymous_reply_count":0,"_bbp_topic_count_hidden":0,"_bbp_reply_count_hidden":0,"_bbp_forum_subforum_count":0,"footnotes":""},"categories":[224,121],"tags":[221],"class_list":["post-2813","post","type-post","status-publish","format-standard","hentry","category-curs-2022-2023-sf","category-esc-mor","tag-capgrossos-22-23"],"post_mailing_queue_ids":[],"_links":{"self":[{"href":"https:\/\/agora.xtec.cat\/zercepdesis\/wp-json\/wp\/v2\/posts\/2813","targetHints":{"allow":["GET"]}}],"collection":[{"href":"https:\/\/agora.xtec.cat\/zercepdesis\/wp-json\/wp\/v2\/posts"}],"about":[{"href":"https:\/\/agora.xtec.cat\/zercepdesis\/wp-json\/wp\/v2\/types\/post"}],"author":[{"embeddable":true,"href":"https:\/\/agora.xtec.cat\/zercepdesis\/wp-json\/wp\/v2\/users\/1"}],"replies":[{"embeddable":true,"href":"https:\/\/agora.xtec.cat\/zercepdesis\/wp-json\/wp\/v2\/comments?post=2813"}],"version-history":[{"count":1,"href":"https:\/\/agora.xtec.cat\/zercepdesis\/wp-json\/wp\/v2\/posts\/2813\/revisions"}],"predecessor-version":[{"id":2815,"href":"https:\/\/agora.xtec.cat\/zercepdesis\/wp-json\/wp\/v2\/posts\/2813\/revisions\/2815"}],"wp:attachment":[{"href":"https:\/\/agora.xtec.cat\/zercepdesis\/wp-json\/wp\/v2\/media?parent=2813"}],"wp:term":[{"taxonomy":"category","embeddable":true,"href":"https:\/\/agora.xtec.cat\/zercepdesis\/wp-json\/wp\/v2\/categories?post=2813"},{"taxonomy":"post_tag","embeddable":true,"href":"https:\/\/agora.xtec.cat\/zercepdesis\/wp-json\/wp\/v2\/tags?post=2813"}],"curies":[{"name":"wp","href":"https:\/\/api.w.org\/{rel}","templated":true}]}}