{"id":2799,"date":"2023-03-05T11:16:22","date_gmt":"2023-03-05T10:16:22","guid":{"rendered":"https:\/\/agora.xtec.cat\/zercepdesis\/?p=2799"},"modified":"2023-03-05T11:16:22","modified_gmt":"2023-03-05T10:16:22","slug":"setmana-cultural","status":"publish","type":"post","link":"https:\/\/agora.xtec.cat\/zercepdesis\/esc-viro\/setmana-cultural\/","title":{"rendered":"SETMANA CULTURAL"},"content":{"rendered":"<p>La nostra Setmana Cultural.<\/p>\n<p>Com b\u00e9 sabeu enguany treballem les civilitzacions de l\u2019edat antiga. El primer dia vam treballar la civilitzaci\u00f3 Eg\u00edpcia, per translladoar-nos-hi, hem viatjat amb la nostra m\u00e0quina del temps fins a aquella \u00e8poca i despr\u00e9s hem fet tallers on hem apr\u00e8s molt\u00edssimes coses!<\/p>\n<p>El dimarts, la m\u00e0quina del temps ens porta a con\u00e8ixer\u00a0 els Ibers i seguidament vam fer una taller de fang ja que una gran caracter\u00edstica seva era que eren uns grans terrissaires.<\/p>\n<p>El dimecres, a Gr\u00e8cia la m\u00e0quina ens va portar! Per aprofundir aspectes de la civiltizaci\u00f3 Grega. Vam descobrir que els teatre era un espai per aprendre, cultural i que hi anaven sovint.Per aix\u00f2,\u00a0 vam fer un taller de m\u00e0scares pr\u00f2pies de l\u2019\u00e8poca i hem dramatitzat llegendes!<\/p>\n<p>El dijous, vam viatjar amb la l\u00ednia del temps una vegada m\u00e9s i vam con\u00e8ixer la civilitzaci\u00f3 Romana. Despr\u00e9s vam fer una gimcana amb diverses proves que ens van fer aprendre molt\u00edssims secrets d\u2019aquesta civilitzaci\u00f3!<\/p>\n<p>Mireu, mireu que b\u00e9 ens ho hem passat!!!<\/p>\n<p><a href=\"https:\/\/agora.xtec.cat\/zercepdesis\/wp-content\/uploads\/usu2412\/2023\/03\/1.jpg\"><img loading=\"lazy\" decoding=\"async\" class=\"alignnone  wp-image-2800\" src=\"https:\/\/agora.xtec.cat\/zercepdesis\/wp-content\/uploads\/usu2412\/2023\/03\/1-724x1024.jpg\" alt=\"\" width=\"545\" height=\"771\" srcset=\"https:\/\/agora.xtec.cat\/zercepdesis\/wp-content\/uploads\/usu2412\/2023\/03\/1-724x1024.jpg 724w, https:\/\/agora.xtec.cat\/zercepdesis\/wp-content\/uploads\/usu2412\/2023\/03\/1-212x300.jpg 212w, https:\/\/agora.xtec.cat\/zercepdesis\/wp-content\/uploads\/usu2412\/2023\/03\/1-768x1086.jpg 768w, https:\/\/agora.xtec.cat\/zercepdesis\/wp-content\/uploads\/usu2412\/2023\/03\/1-1086x1536.jpg 1086w, https:\/\/agora.xtec.cat\/zercepdesis\/wp-content\/uploads\/usu2412\/2023\/03\/1.jpg 1414w\" sizes=\"auto, (max-width: 545px) 100vw, 545px\" \/><\/a> <a href=\"https:\/\/agora.xtec.cat\/zercepdesis\/wp-content\/uploads\/usu2412\/2023\/03\/2.jpg\"><img loading=\"lazy\" decoding=\"async\" class=\"alignnone  wp-image-2801\" src=\"https:\/\/agora.xtec.cat\/zercepdesis\/wp-content\/uploads\/usu2412\/2023\/03\/2-724x1024.jpg\" alt=\"\" width=\"544\" height=\"769\" srcset=\"https:\/\/agora.xtec.cat\/zercepdesis\/wp-content\/uploads\/usu2412\/2023\/03\/2-724x1024.jpg 724w, https:\/\/agora.xtec.cat\/zercepdesis\/wp-content\/uploads\/usu2412\/2023\/03\/2-212x300.jpg 212w, https:\/\/agora.xtec.cat\/zercepdesis\/wp-content\/uploads\/usu2412\/2023\/03\/2-768x1086.jpg 768w, https:\/\/agora.xtec.cat\/zercepdesis\/wp-content\/uploads\/usu2412\/2023\/03\/2-1086x1536.jpg 1086w, https:\/\/agora.xtec.cat\/zercepdesis\/wp-content\/uploads\/usu2412\/2023\/03\/2.jpg 1414w\" sizes=\"auto, (max-width: 544px) 100vw, 544px\" \/><\/a><\/p>\n<p><a href=\"https:\/\/agora.xtec.cat\/zercepdesis\/wp-content\/uploads\/usu2412\/2023\/03\/3.jpg\"><img loading=\"lazy\" decoding=\"async\" class=\"alignnone  wp-image-2802\" src=\"https:\/\/agora.xtec.cat\/zercepdesis\/wp-content\/uploads\/usu2412\/2023\/03\/3-724x1024.jpg\" alt=\"\" width=\"544\" height=\"770\" srcset=\"https:\/\/agora.xtec.cat\/zercepdesis\/wp-content\/uploads\/usu2412\/2023\/03\/3-724x1024.jpg 724w, https:\/\/agora.xtec.cat\/zercepdesis\/wp-content\/uploads\/usu2412\/2023\/03\/3-212x300.jpg 212w, https:\/\/agora.xtec.cat\/zercepdesis\/wp-content\/uploads\/usu2412\/2023\/03\/3-768x1086.jpg 768w, https:\/\/agora.xtec.cat\/zercepdesis\/wp-content\/uploads\/usu2412\/2023\/03\/3-1086x1536.jpg 1086w, https:\/\/agora.xtec.cat\/zercepdesis\/wp-content\/uploads\/usu2412\/2023\/03\/3.jpg 1414w\" sizes=\"auto, (max-width: 544px) 100vw, 544px\" \/>\u00a0 <\/a><a href=\"https:\/\/agora.xtec.cat\/zercepdesis\/wp-content\/uploads\/usu2412\/2023\/03\/4.jpg\"><img loading=\"lazy\" decoding=\"async\" class=\"alignnone  wp-image-2803\" src=\"https:\/\/agora.xtec.cat\/zercepdesis\/wp-content\/uploads\/usu2412\/2023\/03\/4-724x1024.jpg\" alt=\"\" width=\"540\" height=\"764\" srcset=\"https:\/\/agora.xtec.cat\/zercepdesis\/wp-content\/uploads\/usu2412\/2023\/03\/4-724x1024.jpg 724w, https:\/\/agora.xtec.cat\/zercepdesis\/wp-content\/uploads\/usu2412\/2023\/03\/4-212x300.jpg 212w, https:\/\/agora.xtec.cat\/zercepdesis\/wp-content\/uploads\/usu2412\/2023\/03\/4-768x1086.jpg 768w, https:\/\/agora.xtec.cat\/zercepdesis\/wp-content\/uploads\/usu2412\/2023\/03\/4-1086x1536.jpg 1086w, https:\/\/agora.xtec.cat\/zercepdesis\/wp-content\/uploads\/usu2412\/2023\/03\/4.jpg 1414w\" sizes=\"auto, (max-width: 540px) 100vw, 540px\" \/><\/a><\/p>\n<p>&nbsp;<\/p>\n","protected":false},"excerpt":{"rendered":"<p>La nostra Setmana Cultural.<br \/>\nCom b\u00e9 sabeu enguany treballem les civilitzacions de l\u2019edat antiga. El primer dia vam treballar la civilitzaci\u00f3 Eg\u00edpcia, per translladoar-nos-hi, hem viatjat amb la nostra m\u00e0quina del temps fins a aquella \u00e8poca i despr\u00e9s hem fet tallers on hem apr\u00e8s molt\u00edssimes coses!<br \/>\nEl&hellip;  <a href=\"https:\/\/agora.xtec.cat\/zercepdesis\/esc-viro\/setmana-cultural\/\" title=\"Read SETMANA CULTURAL\">Llegeix m\u00e9s\u00bb<\/a><\/p>\n","protected":false},"author":1,"featured_media":0,"comment_status":"open","ping_status":"closed","sticky":false,"template":"","format":"standard","meta":{"_bbp_topic_count":0,"_bbp_reply_count":0,"_bbp_total_topic_count":0,"_bbp_total_reply_count":0,"_bbp_voice_count":0,"_bbp_anonymous_reply_count":0,"_bbp_topic_count_hidden":0,"_bbp_reply_count_hidden":0,"_bbp_forum_subforum_count":0,"footnotes":""},"categories":[219,136],"tags":[234,230,233,229],"class_list":["post-2799","post","type-post","status-publish","format-standard","hentry","category-curs-2022-2023-pu","category-esc-viro","tag-classe-de-les-polis-gregues","tag-classe-dels-egipcis-i-egipcies","tag-classe-dels-faraons-i-faraones","tag-classe-dels-romans-i-romanes"],"post_mailing_queue_ids":[],"_links":{"self":[{"href":"https:\/\/agora.xtec.cat\/zercepdesis\/wp-json\/wp\/v2\/posts\/2799","targetHints":{"allow":["GET"]}}],"collection":[{"href":"https:\/\/agora.xtec.cat\/zercepdesis\/wp-json\/wp\/v2\/posts"}],"about":[{"href":"https:\/\/agora.xtec.cat\/zercepdesis\/wp-json\/wp\/v2\/types\/post"}],"author":[{"embeddable":true,"href":"https:\/\/agora.xtec.cat\/zercepdesis\/wp-json\/wp\/v2\/users\/1"}],"replies":[{"embeddable":true,"href":"https:\/\/agora.xtec.cat\/zercepdesis\/wp-json\/wp\/v2\/comments?post=2799"}],"version-history":[{"count":1,"href":"https:\/\/agora.xtec.cat\/zercepdesis\/wp-json\/wp\/v2\/posts\/2799\/revisions"}],"predecessor-version":[{"id":2804,"href":"https:\/\/agora.xtec.cat\/zercepdesis\/wp-json\/wp\/v2\/posts\/2799\/revisions\/2804"}],"wp:attachment":[{"href":"https:\/\/agora.xtec.cat\/zercepdesis\/wp-json\/wp\/v2\/media?parent=2799"}],"wp:term":[{"taxonomy":"category","embeddable":true,"href":"https:\/\/agora.xtec.cat\/zercepdesis\/wp-json\/wp\/v2\/categories?post=2799"},{"taxonomy":"post_tag","embeddable":true,"href":"https:\/\/agora.xtec.cat\/zercepdesis\/wp-json\/wp\/v2\/tags?post=2799"}],"curies":[{"name":"wp","href":"https:\/\/api.w.org\/{rel}","templated":true}]}}