{"id":2730,"date":"2023-01-31T08:17:34","date_gmt":"2023-01-31T07:17:34","guid":{"rendered":"https:\/\/agora.xtec.cat\/zercepdesis\/?p=2730"},"modified":"2023-01-31T08:17:34","modified_gmt":"2023-01-31T07:17:34","slug":"dia-de-la-pau-i-la-no-violencia","status":"publish","type":"post","link":"https:\/\/agora.xtec.cat\/zercepdesis\/esc-viro\/dia-de-la-pau-i-la-no-violencia\/","title":{"rendered":"DIA DE LA PAU I LA NO VIOL\u00c8NCIA"},"content":{"rendered":"<p>El 30 de gener \u00e9s el\u00a0<strong>Dia Internacional de la Pau i la No Viol\u00e8ncia.<\/strong><\/p>\n<p>A l&#8217;escola hem aprofitat aquests dies per treballar amb els infants el tema de la <strong>Pau, la no viol\u00e8ncia, la resoluci\u00f3 de conflictes i la conviv\u00e8ncia.<\/strong><\/p>\n<p>Aquest dia es commemora la mort de\u00a0<strong>Mahatma Gandhi<\/strong>\u00a0l\u00edder nacional i espiritual de l\u2019\u00cdndia, assassinat a trets el 1948 per un integrista hind\u00fa.<\/p>\n<p><img decoding=\"async\" src=\"https:\/\/natibergada.cat\/wp-content\/uploads\/2020\/01\/Mahatma-Gandhi.png\" alt=\"Mahatma Gandhi\" \/><\/p>\n<p>L\u2019objectiu del Dia Internacional de la Pau i la No Viol\u00e8ncia \u00e9s<span lang=\"ca\">\u00a0l\u2019educaci\u00f3 en i per a la toler\u00e0ncia, la solidaritat, la conc\u00f2rdia, el respecte als Drets Humans, la no-viol\u00e8ncia i la pau.<\/span><\/p>\n<p><span lang=\"ca\">El missatge b\u00e0sic d\u2019aquest dia \u00e9s:\u00a0<strong>\u201cAmor universal, No-viol\u00e8ncia i Pau\u201d<\/strong>. L\u2019Amor universal \u00e9s millor que l\u2019egoisme, la No-viol\u00e8ncia \u00e9s millor que la viol\u00e8ncia i la Pau \u00e9s millor que la guerra.<\/span><\/p>\n<p>Hem elaborat un molinet per recollir els nostres missatges de Pau!<\/p>\n<p><a href=\"https:\/\/agora.xtec.cat\/zercepdesis\/wp-content\/uploads\/usu2412\/2023\/01\/la-pau-es-el-cami.jpg\"><img loading=\"lazy\" decoding=\"async\" class=\"alignnone size-large wp-image-2737\" src=\"https:\/\/agora.xtec.cat\/zercepdesis\/wp-content\/uploads\/usu2412\/2023\/01\/la-pau-es-el-cami-1024x819.jpg\" alt=\"\" width=\"1024\" height=\"819\" srcset=\"https:\/\/agora.xtec.cat\/zercepdesis\/wp-content\/uploads\/usu2412\/2023\/01\/la-pau-es-el-cami-1024x819.jpg 1024w, https:\/\/agora.xtec.cat\/zercepdesis\/wp-content\/uploads\/usu2412\/2023\/01\/la-pau-es-el-cami-300x240.jpg 300w, https:\/\/agora.xtec.cat\/zercepdesis\/wp-content\/uploads\/usu2412\/2023\/01\/la-pau-es-el-cami-768x614.jpg 768w, https:\/\/agora.xtec.cat\/zercepdesis\/wp-content\/uploads\/usu2412\/2023\/01\/la-pau-es-el-cami-1536x1229.jpg 1536w, https:\/\/agora.xtec.cat\/zercepdesis\/wp-content\/uploads\/usu2412\/2023\/01\/la-pau-es-el-cami.jpg 2000w\" sizes=\"auto, (max-width: 1024px) 100vw, 1024px\" \/><\/a><\/p>\n<p>&nbsp;<\/p>\n","protected":false},"excerpt":{"rendered":"<p>El 30 de gener \u00e9s el\u00a0Dia Internacional de la Pau i la No Viol\u00e8ncia.<br \/>\nA l&#8217;escola hem aprofitat aquests dies per treballar amb els infants el tema de la Pau, la no viol\u00e8ncia, la resoluci\u00f3 de conflictes i la conviv\u00e8ncia.<br \/>\nAquest dia es commemora la mort de\u00a0Mahatma&hellip;  <a href=\"https:\/\/agora.xtec.cat\/zercepdesis\/esc-viro\/dia-de-la-pau-i-la-no-violencia\/\" title=\"Read DIA DE LA PAU I LA NO VIOL\u00c8NCIA\">Llegeix m\u00e9s\u00bb<\/a><\/p>\n","protected":false},"author":1,"featured_media":0,"comment_status":"open","ping_status":"closed","sticky":false,"template":"","format":"standard","meta":{"_bbp_topic_count":0,"_bbp_reply_count":0,"_bbp_total_topic_count":0,"_bbp_total_reply_count":0,"_bbp_voice_count":0,"_bbp_anonymous_reply_count":0,"_bbp_topic_count_hidden":0,"_bbp_reply_count_hidden":0,"_bbp_forum_subforum_count":0,"footnotes":""},"categories":[219,136],"tags":[235,230,233,229],"class_list":["post-2730","post","type-post","status-publish","format-standard","hentry","category-curs-2022-2023-pu","category-esc-viro","tag-classe-de-les-polis","tag-classe-dels-egipcis-i-egipcies","tag-classe-dels-faraons-i-faraones","tag-classe-dels-romans-i-romanes"],"post_mailing_queue_ids":[],"_links":{"self":[{"href":"https:\/\/agora.xtec.cat\/zercepdesis\/wp-json\/wp\/v2\/posts\/2730","targetHints":{"allow":["GET"]}}],"collection":[{"href":"https:\/\/agora.xtec.cat\/zercepdesis\/wp-json\/wp\/v2\/posts"}],"about":[{"href":"https:\/\/agora.xtec.cat\/zercepdesis\/wp-json\/wp\/v2\/types\/post"}],"author":[{"embeddable":true,"href":"https:\/\/agora.xtec.cat\/zercepdesis\/wp-json\/wp\/v2\/users\/1"}],"replies":[{"embeddable":true,"href":"https:\/\/agora.xtec.cat\/zercepdesis\/wp-json\/wp\/v2\/comments?post=2730"}],"version-history":[{"count":2,"href":"https:\/\/agora.xtec.cat\/zercepdesis\/wp-json\/wp\/v2\/posts\/2730\/revisions"}],"predecessor-version":[{"id":2738,"href":"https:\/\/agora.xtec.cat\/zercepdesis\/wp-json\/wp\/v2\/posts\/2730\/revisions\/2738"}],"wp:attachment":[{"href":"https:\/\/agora.xtec.cat\/zercepdesis\/wp-json\/wp\/v2\/media?parent=2730"}],"wp:term":[{"taxonomy":"category","embeddable":true,"href":"https:\/\/agora.xtec.cat\/zercepdesis\/wp-json\/wp\/v2\/categories?post=2730"},{"taxonomy":"post_tag","embeddable":true,"href":"https:\/\/agora.xtec.cat\/zercepdesis\/wp-json\/wp\/v2\/tags?post=2730"}],"curies":[{"name":"wp","href":"https:\/\/api.w.org\/{rel}","templated":true}]}}