{"id":2705,"date":"2022-12-19T12:03:31","date_gmt":"2022-12-19T11:03:31","guid":{"rendered":"https:\/\/agora.xtec.cat\/zercepdesis\/?p=2705"},"modified":"2022-12-19T12:03:31","modified_gmt":"2022-12-19T11:03:31","slug":"santa-llucia","status":"publish","type":"post","link":"https:\/\/agora.xtec.cat\/zercepdesis\/esc-viro\/santa-llucia\/","title":{"rendered":"Santa LL\u00facia!"},"content":{"rendered":"<p>El dia 13 de desembre \u00e9s Santa LL\u00facia.<\/p>\n<p>La tradici\u00f3 de l\u2019escola \u00e9s que tot l\u2019alumnat cantem can\u00e7ons pel poble. En primer lloc, vam fer una parada a la Llar d\u2019Infants, despr\u00e9s a l\u2019Esgl\u00e9sia i per \u00faltim a l\u2019escola.<\/p>\n<p>Un cop vam acabar les can\u00e7ons, vam dur a terme una recollida de productes. Vam recollir for\u00e7a menjar, en vam fer una tria. Una part vam considerar que era millor fer-ne una\u00a0donaci\u00f3 per a persones que ho necessiten. I l\u2019altre per poder fer un esmorzar l\u2019\u00faltim dia del trimestre.<\/p>\n<p>A m\u00e9s, aquest any hem tingut la sort que ens vingu\u00e9s una volunt\u00e0ria de C\u00e0rites a fer-nos una xerrada per explicar-nos on van a parar tots els productes recollits. A partir de la informaci\u00f3 extreta hem creat un cartell.<\/p>\n<p><a href=\"https:\/\/agora.xtec.cat\/zercepdesis\/wp-content\/uploads\/usu2412\/2022\/12\/LLUCIES.jpg\"><img loading=\"lazy\" decoding=\"async\" class=\"alignnone size-large wp-image-2706\" src=\"https:\/\/agora.xtec.cat\/zercepdesis\/wp-content\/uploads\/usu2412\/2022\/12\/LLUCIES-724x1024.jpg\" alt=\"\" width=\"724\" height=\"1024\" srcset=\"https:\/\/agora.xtec.cat\/zercepdesis\/wp-content\/uploads\/usu2412\/2022\/12\/LLUCIES-724x1024.jpg 724w, https:\/\/agora.xtec.cat\/zercepdesis\/wp-content\/uploads\/usu2412\/2022\/12\/LLUCIES-212x300.jpg 212w, https:\/\/agora.xtec.cat\/zercepdesis\/wp-content\/uploads\/usu2412\/2022\/12\/LLUCIES-768x1086.jpg 768w, https:\/\/agora.xtec.cat\/zercepdesis\/wp-content\/uploads\/usu2412\/2022\/12\/LLUCIES-1086x1536.jpg 1086w, https:\/\/agora.xtec.cat\/zercepdesis\/wp-content\/uploads\/usu2412\/2022\/12\/LLUCIES-1448x2048.jpg 1448w, https:\/\/agora.xtec.cat\/zercepdesis\/wp-content\/uploads\/usu2412\/2022\/12\/LLUCIES.jpg 1587w\" sizes=\"auto, (max-width: 724px) 100vw, 724px\" \/><\/a><\/p>\n<p>El menjar recollit est\u00e0 en bones mans!!! Volem agrair a totes les fam\u00edlies i habitants del poble per la vostra solidaritat i estem segurs que ajudaran a moltes persones!<\/p>\n<p><a href=\"https:\/\/agora.xtec.cat\/zercepdesis\/wp-content\/uploads\/usu2412\/2022\/12\/RECOLLIDA-DE-MENJAR.jpg\"><img loading=\"lazy\" decoding=\"async\" class=\"wp-image-2707 aligncenter\" src=\"https:\/\/agora.xtec.cat\/zercepdesis\/wp-content\/uploads\/usu2412\/2022\/12\/RECOLLIDA-DE-MENJAR-1024x724.jpg\" alt=\"\" width=\"705\" height=\"499\" srcset=\"https:\/\/agora.xtec.cat\/zercepdesis\/wp-content\/uploads\/usu2412\/2022\/12\/RECOLLIDA-DE-MENJAR-1024x724.jpg 1024w, https:\/\/agora.xtec.cat\/zercepdesis\/wp-content\/uploads\/usu2412\/2022\/12\/RECOLLIDA-DE-MENJAR-300x212.jpg 300w, https:\/\/agora.xtec.cat\/zercepdesis\/wp-content\/uploads\/usu2412\/2022\/12\/RECOLLIDA-DE-MENJAR-768x543.jpg 768w, https:\/\/agora.xtec.cat\/zercepdesis\/wp-content\/uploads\/usu2412\/2022\/12\/RECOLLIDA-DE-MENJAR-1536x1086.jpg 1536w, https:\/\/agora.xtec.cat\/zercepdesis\/wp-content\/uploads\/usu2412\/2022\/12\/RECOLLIDA-DE-MENJAR.jpg 2000w\" sizes=\"auto, (max-width: 705px) 100vw, 705px\" \/><\/a><\/p>\n","protected":false},"excerpt":{"rendered":"<p>El dia 13 de desembre \u00e9s Santa LL\u00facia.<br \/>\nLa tradici\u00f3 de l\u2019escola \u00e9s que tot l\u2019alumnat cantem can\u00e7ons pel poble. En primer lloc, vam fer una parada a la Llar d\u2019Infants, despr\u00e9s a l\u2019Esgl\u00e9sia i per \u00faltim a l\u2019escola.<br \/>\nUn cop vam acabar les can\u00e7ons, vam dur&hellip;  <a href=\"https:\/\/agora.xtec.cat\/zercepdesis\/esc-viro\/santa-llucia\/\" title=\"Read Santa LL\u00facia!\">Llegeix m\u00e9s\u00bb<\/a><\/p>\n","protected":false},"author":1,"featured_media":0,"comment_status":"open","ping_status":"closed","sticky":false,"template":"","format":"standard","meta":{"_bbp_topic_count":0,"_bbp_reply_count":0,"_bbp_total_topic_count":0,"_bbp_total_reply_count":0,"_bbp_voice_count":0,"_bbp_anonymous_reply_count":0,"_bbp_topic_count_hidden":0,"_bbp_reply_count_hidden":0,"_bbp_forum_subforum_count":0,"footnotes":""},"categories":[219,136],"tags":[234,230,233,229],"class_list":["post-2705","post","type-post","status-publish","format-standard","hentry","category-curs-2022-2023-pu","category-esc-viro","tag-classe-de-les-polis-gregues","tag-classe-dels-egipcis-i-egipcies","tag-classe-dels-faraons-i-faraones","tag-classe-dels-romans-i-romanes"],"post_mailing_queue_ids":[],"_links":{"self":[{"href":"https:\/\/agora.xtec.cat\/zercepdesis\/wp-json\/wp\/v2\/posts\/2705","targetHints":{"allow":["GET"]}}],"collection":[{"href":"https:\/\/agora.xtec.cat\/zercepdesis\/wp-json\/wp\/v2\/posts"}],"about":[{"href":"https:\/\/agora.xtec.cat\/zercepdesis\/wp-json\/wp\/v2\/types\/post"}],"author":[{"embeddable":true,"href":"https:\/\/agora.xtec.cat\/zercepdesis\/wp-json\/wp\/v2\/users\/1"}],"replies":[{"embeddable":true,"href":"https:\/\/agora.xtec.cat\/zercepdesis\/wp-json\/wp\/v2\/comments?post=2705"}],"version-history":[{"count":1,"href":"https:\/\/agora.xtec.cat\/zercepdesis\/wp-json\/wp\/v2\/posts\/2705\/revisions"}],"predecessor-version":[{"id":2708,"href":"https:\/\/agora.xtec.cat\/zercepdesis\/wp-json\/wp\/v2\/posts\/2705\/revisions\/2708"}],"wp:attachment":[{"href":"https:\/\/agora.xtec.cat\/zercepdesis\/wp-json\/wp\/v2\/media?parent=2705"}],"wp:term":[{"taxonomy":"category","embeddable":true,"href":"https:\/\/agora.xtec.cat\/zercepdesis\/wp-json\/wp\/v2\/categories?post=2705"},{"taxonomy":"post_tag","embeddable":true,"href":"https:\/\/agora.xtec.cat\/zercepdesis\/wp-json\/wp\/v2\/tags?post=2705"}],"curies":[{"name":"wp","href":"https:\/\/api.w.org\/{rel}","templated":true}]}}