{"id":2641,"date":"2022-11-02T12:55:19","date_gmt":"2022-11-02T11:55:19","guid":{"rendered":"https:\/\/agora.xtec.cat\/zercepdesis\/?p=2641"},"modified":"2022-11-02T12:55:19","modified_gmt":"2022-11-02T11:55:19","slug":"disseccio-dun-cor","status":"publish","type":"post","link":"https:\/\/agora.xtec.cat\/zercepdesis\/esc-viro\/disseccio-dun-cor\/","title":{"rendered":"DISSECCI\u00d3 D&#8217;UN COR"},"content":{"rendered":"<p>A partir d&#8217;una\u00a0confer\u00e8ncia\u00a0presentada d&#8217;una alumna de l&#8217;escola que ens va exposar les parts del cor, quina era la seva funci\u00f3, la composici\u00f3, aspectes de l&#8217;alimentaci\u00f3 per tenir cura del cor&#8230; Per\u00a0anar una mica m\u00e9s enll\u00e0, a la classe dels\u00a0<span class=\"hiddenSpellError\">Egipcisis<\/span>\u00a0i les\u00a0<span class=\"hiddenSpellError\">Egipcies<\/span>\u00a0vam fer la dissecci\u00f3 d&#8217;un cor.<br \/>\nGr\u00e0cies a aquesta\u00a0presentaci\u00f3 i experimentaci\u00f3 ens vam adonar que el cor, \u00e9s el motor que impulsa la sang per tot el nostre cos. \u00c9s un \u00f2rgan molt muscul\u00f3s,\u00a0sobretot\u00a0els ventricles. El cor comunica amb la resta de l&#8217;aparell circulatori per les venes caves i pulmonars, i les\u00a0art\u00e8ries, aorta\u00a0i pulmonars.<\/p>\n<p><a href=\"https:\/\/agora.xtec.cat\/zercepdesis\/wp-content\/uploads\/usu2412\/2022\/11\/DISSECCIO.jpg\"><img loading=\"lazy\" decoding=\"async\" class=\"size-large wp-image-2642 aligncenter\" src=\"https:\/\/agora.xtec.cat\/zercepdesis\/wp-content\/uploads\/usu2412\/2022\/11\/DISSECCIO-576x1024.jpg\" alt=\"\" width=\"576\" height=\"1024\" srcset=\"https:\/\/agora.xtec.cat\/zercepdesis\/wp-content\/uploads\/usu2412\/2022\/11\/DISSECCIO-576x1024.jpg 576w, https:\/\/agora.xtec.cat\/zercepdesis\/wp-content\/uploads\/usu2412\/2022\/11\/DISSECCIO-169x300.jpg 169w, https:\/\/agora.xtec.cat\/zercepdesis\/wp-content\/uploads\/usu2412\/2022\/11\/DISSECCIO-768x1365.jpg 768w, https:\/\/agora.xtec.cat\/zercepdesis\/wp-content\/uploads\/usu2412\/2022\/11\/DISSECCIO-864x1536.jpg 864w, https:\/\/agora.xtec.cat\/zercepdesis\/wp-content\/uploads\/usu2412\/2022\/11\/DISSECCIO.jpg 1080w\" sizes=\"auto, (max-width: 576px) 100vw, 576px\" \/><\/a><\/p>\n","protected":false},"excerpt":{"rendered":"<p>A partir d&#8217;una\u00a0confer\u00e8ncia\u00a0presentada d&#8217;una alumna de l&#8217;escola que ens va exposar les parts del cor, quina era la seva funci\u00f3, la composici\u00f3, aspectes de l&#8217;alimentaci\u00f3 per tenir cura del cor&#8230; Per\u00a0anar una mica m\u00e9s enll\u00e0, a la classe dels\u00a0Egipcisis\u00a0i les\u00a0Egipcies\u00a0vam fer la dissecci\u00f3 d&#8217;un cor.<br \/>\nGr\u00e0cies&hellip;  <a href=\"https:\/\/agora.xtec.cat\/zercepdesis\/esc-viro\/disseccio-dun-cor\/\" title=\"Read DISSECCI\u00d3 D&#8217;UN COR\">Llegeix m\u00e9s\u00bb<\/a><\/p>\n","protected":false},"author":1,"featured_media":0,"comment_status":"open","ping_status":"closed","sticky":false,"template":"","format":"standard","meta":{"_bbp_topic_count":0,"_bbp_reply_count":0,"_bbp_total_topic_count":0,"_bbp_total_reply_count":0,"_bbp_voice_count":0,"_bbp_anonymous_reply_count":0,"_bbp_topic_count_hidden":0,"_bbp_reply_count_hidden":0,"_bbp_forum_subforum_count":0,"footnotes":""},"categories":[219,136],"tags":[230],"class_list":["post-2641","post","type-post","status-publish","format-standard","hentry","category-curs-2022-2023-pu","category-esc-viro","tag-classe-dels-egipcis-i-egipcies"],"post_mailing_queue_ids":[],"_links":{"self":[{"href":"https:\/\/agora.xtec.cat\/zercepdesis\/wp-json\/wp\/v2\/posts\/2641","targetHints":{"allow":["GET"]}}],"collection":[{"href":"https:\/\/agora.xtec.cat\/zercepdesis\/wp-json\/wp\/v2\/posts"}],"about":[{"href":"https:\/\/agora.xtec.cat\/zercepdesis\/wp-json\/wp\/v2\/types\/post"}],"author":[{"embeddable":true,"href":"https:\/\/agora.xtec.cat\/zercepdesis\/wp-json\/wp\/v2\/users\/1"}],"replies":[{"embeddable":true,"href":"https:\/\/agora.xtec.cat\/zercepdesis\/wp-json\/wp\/v2\/comments?post=2641"}],"version-history":[{"count":1,"href":"https:\/\/agora.xtec.cat\/zercepdesis\/wp-json\/wp\/v2\/posts\/2641\/revisions"}],"predecessor-version":[{"id":2643,"href":"https:\/\/agora.xtec.cat\/zercepdesis\/wp-json\/wp\/v2\/posts\/2641\/revisions\/2643"}],"wp:attachment":[{"href":"https:\/\/agora.xtec.cat\/zercepdesis\/wp-json\/wp\/v2\/media?parent=2641"}],"wp:term":[{"taxonomy":"category","embeddable":true,"href":"https:\/\/agora.xtec.cat\/zercepdesis\/wp-json\/wp\/v2\/categories?post=2641"},{"taxonomy":"post_tag","embeddable":true,"href":"https:\/\/agora.xtec.cat\/zercepdesis\/wp-json\/wp\/v2\/tags?post=2641"}],"curies":[{"name":"wp","href":"https:\/\/api.w.org\/{rel}","templated":true}]}}