{"id":2633,"date":"2022-10-17T09:00:46","date_gmt":"2022-10-17T07:00:46","guid":{"rendered":"https:\/\/agora.xtec.cat\/zercepdesis\/?p=2633"},"modified":"2022-10-16T11:51:55","modified_gmt":"2022-10-16T09:51:55","slug":"hora-verda-3","status":"publish","type":"post","link":"https:\/\/agora.xtec.cat\/zercepdesis\/esc-viro\/hora-verda-3\/","title":{"rendered":"HORA VERDA"},"content":{"rendered":"<p><span style=\"font-weight: 400;\">Quan vam arribar al setembre, ens vam trobar l\u2019hort amb alberg\u00ednies, tom\u00e0quets, carbassons i pebrots. Ara ja no donen m\u00e9s fruit i hem mirat quins cultius pod\u00edem plantar.<\/span><\/p>\n<p><span style=\"font-weight: 400;\">Hem decidit plantar: enciams, api, col i flor, canonges,col llombarda, espinacs,\u00a0 raves ,sajolida, pastanagues,\u2026 I a m\u00e9s alguna fam\u00edlia de l\u2019escola ens ha portat planter de faves i cols!<\/span><\/p>\n<p><span style=\"font-weight: 400;\">Els romans i romanes s\u2019han encarregat de revisar els dies que es podria plantar i els egipcis i eg\u00edpcies de pensar la distribuci\u00f3 favorable.<\/span><\/p>\n<p><span style=\"font-weight: 400;\">Les polis gregues i els faraons han renovat els cartells i entre tots hem fet la primera plantada del curs.<\/span><\/p>\n<p><span style=\"font-weight: 400;\">Esperem que ben aviat tinguem una bona collita!<\/span><\/p>\n<p style=\"text-align: center;\"><a href=\"https:\/\/agora.xtec.cat\/zercepdesis\/wp-content\/uploads\/usu2412\/2022\/10\/Diseno-sin-titulo.jpg\"><img loading=\"lazy\" decoding=\"async\" class=\"alignnone size-large wp-image-2634\" src=\"https:\/\/agora.xtec.cat\/zercepdesis\/wp-content\/uploads\/usu2412\/2022\/10\/Diseno-sin-titulo-576x1024.jpg\" alt=\"\" width=\"576\" height=\"1024\" srcset=\"https:\/\/agora.xtec.cat\/zercepdesis\/wp-content\/uploads\/usu2412\/2022\/10\/Diseno-sin-titulo-576x1024.jpg 576w, https:\/\/agora.xtec.cat\/zercepdesis\/wp-content\/uploads\/usu2412\/2022\/10\/Diseno-sin-titulo-169x300.jpg 169w, https:\/\/agora.xtec.cat\/zercepdesis\/wp-content\/uploads\/usu2412\/2022\/10\/Diseno-sin-titulo-768x1365.jpg 768w, https:\/\/agora.xtec.cat\/zercepdesis\/wp-content\/uploads\/usu2412\/2022\/10\/Diseno-sin-titulo-864x1536.jpg 864w, https:\/\/agora.xtec.cat\/zercepdesis\/wp-content\/uploads\/usu2412\/2022\/10\/Diseno-sin-titulo.jpg 1080w\" sizes=\"auto, (max-width: 576px) 100vw, 576px\" \/><\/a><\/p>\n","protected":false},"excerpt":{"rendered":"<p>Quan vam arribar al setembre, ens vam trobar l\u2019hort amb alberg\u00ednies, tom\u00e0quets, carbassons i pebrots. Ara ja no donen m\u00e9s fruit i hem mirat quins cultius pod\u00edem plantar.<br \/>\nHem decidit plantar: enciams, api, col i flor, canonges,col llombarda, espinacs,\u00a0 raves ,sajolida, pastanagues,\u2026 I a m\u00e9s alguna&hellip;  <a href=\"https:\/\/agora.xtec.cat\/zercepdesis\/esc-viro\/hora-verda-3\/\" title=\"Read HORA VERDA\">Llegeix m\u00e9s\u00bb<\/a><\/p>\n","protected":false},"author":1,"featured_media":0,"comment_status":"open","ping_status":"closed","sticky":false,"template":"","format":"standard","meta":{"_bbp_topic_count":0,"_bbp_reply_count":0,"_bbp_total_topic_count":0,"_bbp_total_reply_count":0,"_bbp_voice_count":0,"_bbp_anonymous_reply_count":0,"_bbp_topic_count_hidden":0,"_bbp_reply_count_hidden":0,"_bbp_forum_subforum_count":0,"footnotes":""},"categories":[219,136],"tags":[230,229],"class_list":["post-2633","post","type-post","status-publish","format-standard","hentry","category-curs-2022-2023-pu","category-esc-viro","tag-classe-dels-egipcis-i-egipcies","tag-classe-dels-romans-i-romanes"],"post_mailing_queue_ids":[],"_links":{"self":[{"href":"https:\/\/agora.xtec.cat\/zercepdesis\/wp-json\/wp\/v2\/posts\/2633","targetHints":{"allow":["GET"]}}],"collection":[{"href":"https:\/\/agora.xtec.cat\/zercepdesis\/wp-json\/wp\/v2\/posts"}],"about":[{"href":"https:\/\/agora.xtec.cat\/zercepdesis\/wp-json\/wp\/v2\/types\/post"}],"author":[{"embeddable":true,"href":"https:\/\/agora.xtec.cat\/zercepdesis\/wp-json\/wp\/v2\/users\/1"}],"replies":[{"embeddable":true,"href":"https:\/\/agora.xtec.cat\/zercepdesis\/wp-json\/wp\/v2\/comments?post=2633"}],"version-history":[{"count":1,"href":"https:\/\/agora.xtec.cat\/zercepdesis\/wp-json\/wp\/v2\/posts\/2633\/revisions"}],"predecessor-version":[{"id":2635,"href":"https:\/\/agora.xtec.cat\/zercepdesis\/wp-json\/wp\/v2\/posts\/2633\/revisions\/2635"}],"wp:attachment":[{"href":"https:\/\/agora.xtec.cat\/zercepdesis\/wp-json\/wp\/v2\/media?parent=2633"}],"wp:term":[{"taxonomy":"category","embeddable":true,"href":"https:\/\/agora.xtec.cat\/zercepdesis\/wp-json\/wp\/v2\/categories?post=2633"},{"taxonomy":"post_tag","embeddable":true,"href":"https:\/\/agora.xtec.cat\/zercepdesis\/wp-json\/wp\/v2\/tags?post=2633"}],"curies":[{"name":"wp","href":"https:\/\/api.w.org\/{rel}","templated":true}]}}