{"id":2618,"date":"2022-10-07T09:58:31","date_gmt":"2022-10-07T07:58:31","guid":{"rendered":"https:\/\/agora.xtec.cat\/zercepdesis\/?p=2618"},"modified":"2022-10-07T09:58:31","modified_gmt":"2022-10-07T07:58:31","slug":"video-inici-de-curs","status":"publish","type":"post","link":"https:\/\/agora.xtec.cat\/zercepdesis\/esc-mor\/video-inici-de-curs\/","title":{"rendered":"V\u00cdDEO INICI DE CURS"},"content":{"rendered":"<p>Fam\u00edlies de la classe del Parellot i la Classe Gran. Aqu\u00ed us deixem el link que us dirigir\u00e0 a la carpeta on hi ha el v\u00eddeo que us van fer les vostres filles i fills per la reuni\u00f3 d&#8217;inici de curs.<\/p>\n<p><a href=\"https:\/\/agora.xtec.cat\/zercepdesis\/galeria-santa-fe\/\">https:\/\/agora.xtec.cat\/zercepdesis\/galeria-santa-fe\/<\/a><\/p>\n<p>Un cop a dins el cam\u00ed a seguir \u00e9s Curs 22-23\/V\u00eddeos 22-23 i all\u00e0 els trobareu!<\/p>\n<p>Esperem que els gaudiu tant com nosaltres vam gaudir fent-los.<\/p>\n","protected":false},"excerpt":{"rendered":"<p>Fam\u00edlies de la classe del Parellot i la Classe Gran. Aqu\u00ed us deixem el link que us dirigir\u00e0 a la carpeta on hi ha el v\u00eddeo que us van fer les vostres filles i fills per la reuni\u00f3 d&#8217;inici de curs.<br \/>\n<a href=\"https:\/\/agora.xtec.cat\/zercepdesis\/galeria-santa-fe\/\">https:\/\/agora.xtec.cat\/zercepdesis\/galeria-santa-fe\/<\/a><br \/>\nUn cop a dins&hellip;  <a href=\"https:\/\/agora.xtec.cat\/zercepdesis\/esc-mor\/video-inici-de-curs\/\" title=\"Read V\u00cdDEO INICI DE CURS\">Llegeix m\u00e9s\u00bb<\/a><\/p>\n","protected":false},"author":1,"featured_media":0,"comment_status":"open","ping_status":"closed","sticky":false,"template":"","format":"standard","meta":{"_bbp_topic_count":0,"_bbp_reply_count":0,"_bbp_total_topic_count":0,"_bbp_total_reply_count":0,"_bbp_voice_count":0,"_bbp_anonymous_reply_count":0,"_bbp_topic_count_hidden":0,"_bbp_reply_count_hidden":0,"_bbp_forum_subforum_count":0,"footnotes":""},"categories":[224,121],"tags":[220,196,226,222],"class_list":["post-2618","post","type-post","status-publish","format-standard","hentry","category-curs-2022-2023-sf","category-esc-mor","tag-curs-2022-2023-sf","tag-escola-les-moreres","tag-la-classe-dels-gatets-parellot","tag-la-imaginacio-classe-gran"],"post_mailing_queue_ids":[],"_links":{"self":[{"href":"https:\/\/agora.xtec.cat\/zercepdesis\/wp-json\/wp\/v2\/posts\/2618","targetHints":{"allow":["GET"]}}],"collection":[{"href":"https:\/\/agora.xtec.cat\/zercepdesis\/wp-json\/wp\/v2\/posts"}],"about":[{"href":"https:\/\/agora.xtec.cat\/zercepdesis\/wp-json\/wp\/v2\/types\/post"}],"author":[{"embeddable":true,"href":"https:\/\/agora.xtec.cat\/zercepdesis\/wp-json\/wp\/v2\/users\/1"}],"replies":[{"embeddable":true,"href":"https:\/\/agora.xtec.cat\/zercepdesis\/wp-json\/wp\/v2\/comments?post=2618"}],"version-history":[{"count":1,"href":"https:\/\/agora.xtec.cat\/zercepdesis\/wp-json\/wp\/v2\/posts\/2618\/revisions"}],"predecessor-version":[{"id":2620,"href":"https:\/\/agora.xtec.cat\/zercepdesis\/wp-json\/wp\/v2\/posts\/2618\/revisions\/2620"}],"wp:attachment":[{"href":"https:\/\/agora.xtec.cat\/zercepdesis\/wp-json\/wp\/v2\/media?parent=2618"}],"wp:term":[{"taxonomy":"category","embeddable":true,"href":"https:\/\/agora.xtec.cat\/zercepdesis\/wp-json\/wp\/v2\/categories?post=2618"},{"taxonomy":"post_tag","embeddable":true,"href":"https:\/\/agora.xtec.cat\/zercepdesis\/wp-json\/wp\/v2\/tags?post=2618"}],"curies":[{"name":"wp","href":"https:\/\/api.w.org\/{rel}","templated":true}]}}