{"id":2615,"date":"2022-10-07T09:53:37","date_gmt":"2022-10-07T07:53:37","guid":{"rendered":"https:\/\/agora.xtec.cat\/zercepdesis\/?p=2615"},"modified":"2022-10-07T09:53:37","modified_gmt":"2022-10-07T07:53:37","slug":"els-espais-de-la-nostra-aula","status":"publish","type":"post","link":"https:\/\/agora.xtec.cat\/zercepdesis\/esc-mor\/els-espais-de-la-nostra-aula\/","title":{"rendered":"ELS ESPAIS DE LA NOSTRA AULA!"},"content":{"rendered":"<p>A la classe de les fruites tenim un espai destinat a cadascun dels \u00e0mbits que treballem. Tenim un espai per la llengua, un espai per a les matem\u00e0tiques, un per desenvolupar la nostra creativitat (el dels minimons i el de dibuixar) i finalment el nostre meravell\u00f3s restaurant.<\/p>\n<p>Aqu\u00ed us deixem unes quantes fotografies perqu\u00e8 pugueu veure&#8217;ls!<\/p>\n<p>&nbsp;<\/p>\n<p><a href=\"https:\/\/agora.xtec.cat\/zercepdesis\/wp-content\/uploads\/usu2412\/2022\/10\/Photo-Collage-Facebook-Post.jpg\"><img loading=\"lazy\" decoding=\"async\" class=\"alignnone size-full wp-image-2616\" src=\"https:\/\/agora.xtec.cat\/zercepdesis\/wp-content\/uploads\/usu2412\/2022\/10\/Photo-Collage-Facebook-Post.jpg\" alt=\"\" width=\"940\" height=\"788\" srcset=\"https:\/\/agora.xtec.cat\/zercepdesis\/wp-content\/uploads\/usu2412\/2022\/10\/Photo-Collage-Facebook-Post.jpg 940w, https:\/\/agora.xtec.cat\/zercepdesis\/wp-content\/uploads\/usu2412\/2022\/10\/Photo-Collage-Facebook-Post-300x250.jpg 300w, https:\/\/agora.xtec.cat\/zercepdesis\/wp-content\/uploads\/usu2412\/2022\/10\/Photo-Collage-Facebook-Post-768x644.jpg 768w\" sizes=\"auto, (max-width: 940px) 100vw, 940px\" \/><\/a><\/p>\n","protected":false},"excerpt":{"rendered":"<p>A la classe de les fruites tenim un espai destinat a cadascun dels \u00e0mbits que treballem. Tenim un espai per la llengua, un espai per a les matem\u00e0tiques, un per desenvolupar la nostra creativitat (el dels minimons i el de dibuixar) i finalment el nostre&hellip;  <a href=\"https:\/\/agora.xtec.cat\/zercepdesis\/esc-mor\/els-espais-de-la-nostra-aula\/\" title=\"Read ELS ESPAIS DE LA NOSTRA AULA!\">Llegeix m\u00e9s\u00bb<\/a><\/p>\n","protected":false},"author":1,"featured_media":0,"comment_status":"open","ping_status":"closed","sticky":false,"template":"","format":"standard","meta":{"_bbp_topic_count":0,"_bbp_reply_count":0,"_bbp_total_topic_count":0,"_bbp_total_reply_count":0,"_bbp_voice_count":0,"_bbp_anonymous_reply_count":0,"_bbp_topic_count_hidden":0,"_bbp_reply_count_hidden":0,"_bbp_forum_subforum_count":0,"footnotes":""},"categories":[224,121],"tags":[220,196,225],"class_list":["post-2615","post","type-post","status-publish","format-standard","hentry","category-curs-2022-2023-sf","category-esc-mor","tag-curs-2022-2023-sf","tag-escola-les-moreres","tag-la-classe-de-les-fruites-panderetes"],"post_mailing_queue_ids":[],"_links":{"self":[{"href":"https:\/\/agora.xtec.cat\/zercepdesis\/wp-json\/wp\/v2\/posts\/2615","targetHints":{"allow":["GET"]}}],"collection":[{"href":"https:\/\/agora.xtec.cat\/zercepdesis\/wp-json\/wp\/v2\/posts"}],"about":[{"href":"https:\/\/agora.xtec.cat\/zercepdesis\/wp-json\/wp\/v2\/types\/post"}],"author":[{"embeddable":true,"href":"https:\/\/agora.xtec.cat\/zercepdesis\/wp-json\/wp\/v2\/users\/1"}],"replies":[{"embeddable":true,"href":"https:\/\/agora.xtec.cat\/zercepdesis\/wp-json\/wp\/v2\/comments?post=2615"}],"version-history":[{"count":1,"href":"https:\/\/agora.xtec.cat\/zercepdesis\/wp-json\/wp\/v2\/posts\/2615\/revisions"}],"predecessor-version":[{"id":2617,"href":"https:\/\/agora.xtec.cat\/zercepdesis\/wp-json\/wp\/v2\/posts\/2615\/revisions\/2617"}],"wp:attachment":[{"href":"https:\/\/agora.xtec.cat\/zercepdesis\/wp-json\/wp\/v2\/media?parent=2615"}],"wp:term":[{"taxonomy":"category","embeddable":true,"href":"https:\/\/agora.xtec.cat\/zercepdesis\/wp-json\/wp\/v2\/categories?post=2615"},{"taxonomy":"post_tag","embeddable":true,"href":"https:\/\/agora.xtec.cat\/zercepdesis\/wp-json\/wp\/v2\/tags?post=2615"}],"curies":[{"name":"wp","href":"https:\/\/api.w.org\/{rel}","templated":true}]}}