{"id":2612,"date":"2022-10-04T22:04:28","date_gmt":"2022-10-04T20:04:28","guid":{"rendered":"https:\/\/agora.xtec.cat\/zercepdesis\/?p=2612"},"modified":"2022-10-10T18:59:19","modified_gmt":"2022-10-10T16:59:19","slug":"els-colors-de-la-tardor","status":"publish","type":"post","link":"https:\/\/agora.xtec.cat\/zercepdesis\/esc-viro\/els-colors-de-la-tardor\/","title":{"rendered":"ELS COLORS DE LA TARDOR!"},"content":{"rendered":"<p>A la classe dels Faraons i les Faraones ja ha arribat la tardor!<\/p>\n<p>Vermell, taronja, groc i marr\u00f3 s\u00f3n els colors d&#8217;aquesta estaci\u00f3!<\/p>\n<p>Hem dut a terme una proposta de grafisme que consistia a aprendre a fer cercles de totes mides, primer hem provat de fer-los a la pissarra i despr\u00e9s amb un mural ben gran!<\/p>\n<p>Mireu, mireu quin mural m\u00e9s bonic ens ha quedat!<\/p>\n<p><a href=\"https:\/\/agora.xtec.cat\/zercepdesis\/wp-content\/uploads\/usu2412\/2022\/10\/FARAONS-I-FARAONES-1.jpg\"><img loading=\"lazy\" decoding=\"async\" class=\"wp-image-2613 aligncenter\" src=\"https:\/\/agora.xtec.cat\/zercepdesis\/wp-content\/uploads\/usu2412\/2022\/10\/FARAONS-I-FARAONES-1-724x1024.jpg\" alt=\"\" width=\"619\" height=\"875\" srcset=\"https:\/\/agora.xtec.cat\/zercepdesis\/wp-content\/uploads\/usu2412\/2022\/10\/FARAONS-I-FARAONES-1-724x1024.jpg 724w, https:\/\/agora.xtec.cat\/zercepdesis\/wp-content\/uploads\/usu2412\/2022\/10\/FARAONS-I-FARAONES-1-212x300.jpg 212w, https:\/\/agora.xtec.cat\/zercepdesis\/wp-content\/uploads\/usu2412\/2022\/10\/FARAONS-I-FARAONES-1-768x1086.jpg 768w, https:\/\/agora.xtec.cat\/zercepdesis\/wp-content\/uploads\/usu2412\/2022\/10\/FARAONS-I-FARAONES-1-1086x1536.jpg 1086w, https:\/\/agora.xtec.cat\/zercepdesis\/wp-content\/uploads\/usu2412\/2022\/10\/FARAONS-I-FARAONES-1.jpg 1414w\" sizes=\"auto, (max-width: 619px) 100vw, 619px\" \/><\/a><\/p>\n<p>&nbsp;<\/p>\n","protected":false},"excerpt":{"rendered":"<p>A la classe dels Faraons i les Faraones ja ha arribat la tardor!<br \/>\nVermell, taronja, groc i marr\u00f3 s\u00f3n els colors d&#8217;aquesta estaci\u00f3!<br \/>\nHem dut a terme una proposta de grafisme que consistia a aprendre a fer cercles de totes mides, primer hem provat de fer-los a&hellip;  <a href=\"https:\/\/agora.xtec.cat\/zercepdesis\/esc-viro\/els-colors-de-la-tardor\/\" title=\"Read ELS COLORS DE LA TARDOR!\">Llegeix m\u00e9s\u00bb<\/a><\/p>\n","protected":false},"author":1,"featured_media":0,"comment_status":"open","ping_status":"closed","sticky":false,"template":"","format":"standard","meta":{"_bbp_topic_count":0,"_bbp_reply_count":0,"_bbp_total_topic_count":0,"_bbp_total_reply_count":0,"_bbp_voice_count":0,"_bbp_anonymous_reply_count":0,"_bbp_topic_count_hidden":0,"_bbp_reply_count_hidden":0,"_bbp_forum_subforum_count":0,"footnotes":""},"categories":[219,136],"tags":[228],"class_list":["post-2612","post","type-post","status-publish","format-standard","hentry","category-curs-2022-2023-pu","category-esc-viro","tag-faraons-i-faraones"],"post_mailing_queue_ids":[],"_links":{"self":[{"href":"https:\/\/agora.xtec.cat\/zercepdesis\/wp-json\/wp\/v2\/posts\/2612","targetHints":{"allow":["GET"]}}],"collection":[{"href":"https:\/\/agora.xtec.cat\/zercepdesis\/wp-json\/wp\/v2\/posts"}],"about":[{"href":"https:\/\/agora.xtec.cat\/zercepdesis\/wp-json\/wp\/v2\/types\/post"}],"author":[{"embeddable":true,"href":"https:\/\/agora.xtec.cat\/zercepdesis\/wp-json\/wp\/v2\/users\/1"}],"replies":[{"embeddable":true,"href":"https:\/\/agora.xtec.cat\/zercepdesis\/wp-json\/wp\/v2\/comments?post=2612"}],"version-history":[{"count":1,"href":"https:\/\/agora.xtec.cat\/zercepdesis\/wp-json\/wp\/v2\/posts\/2612\/revisions"}],"predecessor-version":[{"id":2614,"href":"https:\/\/agora.xtec.cat\/zercepdesis\/wp-json\/wp\/v2\/posts\/2612\/revisions\/2614"}],"wp:attachment":[{"href":"https:\/\/agora.xtec.cat\/zercepdesis\/wp-json\/wp\/v2\/media?parent=2612"}],"wp:term":[{"taxonomy":"category","embeddable":true,"href":"https:\/\/agora.xtec.cat\/zercepdesis\/wp-json\/wp\/v2\/categories?post=2612"},{"taxonomy":"post_tag","embeddable":true,"href":"https:\/\/agora.xtec.cat\/zercepdesis\/wp-json\/wp\/v2\/tags?post=2612"}],"curies":[{"name":"wp","href":"https:\/\/api.w.org\/{rel}","templated":true}]}}