{"id":2581,"date":"2022-09-20T08:05:20","date_gmt":"2022-09-20T06:05:20","guid":{"rendered":"https:\/\/agora.xtec.cat\/zercepdesis\/?p=2581"},"modified":"2022-09-20T08:05:20","modified_gmt":"2022-09-20T06:05:20","slug":"els-primers-dies-a-lescola","status":"publish","type":"post","link":"https:\/\/agora.xtec.cat\/zercepdesis\/esc-viro\/els-primers-dies-a-lescola\/","title":{"rendered":"ELS PRIMERS DIES A L&#8217;ESCOLA"},"content":{"rendered":"<p>Els primers dies que iniciem o reprenem l&#8217;escola \u00e9s una situaci\u00f3 plena d&#8217;emocions!<\/p>\n<p>Els m\u00e9s petits\u00a0s&#8217;han anat acostumant\u00a0als horaris, compartir espai i temps amb els m\u00e9s grans, somriures i confiances noves. Cada infant ha necessitat el seu temps i progressivament han comen\u00e7at explorar el seu entorn m\u00e9s proper: l&#8217;aula, el pati, les vinyes&#8230;<\/p>\n<p>Els m\u00e9s grans hem treballat din\u00e0miques per fomentar la coneixen\u00e7a entre companys i companyes i, per tant,\u00a0fomentar la cohesi\u00f3 de grup.<\/p>\n<p><a href=\"https:\/\/agora.xtec.cat\/zercepdesis\/wp-content\/uploads\/usu2412\/2022\/09\/1.jpg\"><img loading=\"lazy\" decoding=\"async\" class=\"wp-image-2582 aligncenter\" src=\"https:\/\/agora.xtec.cat\/zercepdesis\/wp-content\/uploads\/usu2412\/2022\/09\/1-1024x724.jpg\" alt=\"\" width=\"663\" height=\"469\" srcset=\"https:\/\/agora.xtec.cat\/zercepdesis\/wp-content\/uploads\/usu2412\/2022\/09\/1-1024x724.jpg 1024w, https:\/\/agora.xtec.cat\/zercepdesis\/wp-content\/uploads\/usu2412\/2022\/09\/1-300x212.jpg 300w, https:\/\/agora.xtec.cat\/zercepdesis\/wp-content\/uploads\/usu2412\/2022\/09\/1-768x543.jpg 768w, https:\/\/agora.xtec.cat\/zercepdesis\/wp-content\/uploads\/usu2412\/2022\/09\/1-1536x1086.jpg 1536w, https:\/\/agora.xtec.cat\/zercepdesis\/wp-content\/uploads\/usu2412\/2022\/09\/1.jpg 2000w\" sizes=\"auto, (max-width: 663px) 100vw, 663px\" \/><\/a> <a href=\"https:\/\/agora.xtec.cat\/zercepdesis\/wp-content\/uploads\/usu2412\/2022\/09\/2.jpg\"><img loading=\"lazy\" decoding=\"async\" class=\"wp-image-2583 aligncenter\" src=\"https:\/\/agora.xtec.cat\/zercepdesis\/wp-content\/uploads\/usu2412\/2022\/09\/2-1024x724.jpg\" alt=\"\" width=\"600\" height=\"424\" srcset=\"https:\/\/agora.xtec.cat\/zercepdesis\/wp-content\/uploads\/usu2412\/2022\/09\/2-1024x724.jpg 1024w, https:\/\/agora.xtec.cat\/zercepdesis\/wp-content\/uploads\/usu2412\/2022\/09\/2-300x212.jpg 300w, https:\/\/agora.xtec.cat\/zercepdesis\/wp-content\/uploads\/usu2412\/2022\/09\/2-768x543.jpg 768w, https:\/\/agora.xtec.cat\/zercepdesis\/wp-content\/uploads\/usu2412\/2022\/09\/2-1536x1086.jpg 1536w, https:\/\/agora.xtec.cat\/zercepdesis\/wp-content\/uploads\/usu2412\/2022\/09\/2.jpg 2000w\" sizes=\"auto, (max-width: 600px) 100vw, 600px\" \/><\/a> <a href=\"https:\/\/agora.xtec.cat\/zercepdesis\/wp-content\/uploads\/usu2412\/2022\/09\/3.jpg\"><img loading=\"lazy\" decoding=\"async\" class=\"wp-image-2584 aligncenter\" src=\"https:\/\/agora.xtec.cat\/zercepdesis\/wp-content\/uploads\/usu2412\/2022\/09\/3-1024x724.jpg\" alt=\"\" width=\"574\" height=\"406\" srcset=\"https:\/\/agora.xtec.cat\/zercepdesis\/wp-content\/uploads\/usu2412\/2022\/09\/3-1024x724.jpg 1024w, https:\/\/agora.xtec.cat\/zercepdesis\/wp-content\/uploads\/usu2412\/2022\/09\/3-300x212.jpg 300w, https:\/\/agora.xtec.cat\/zercepdesis\/wp-content\/uploads\/usu2412\/2022\/09\/3-768x543.jpg 768w, https:\/\/agora.xtec.cat\/zercepdesis\/wp-content\/uploads\/usu2412\/2022\/09\/3-1536x1086.jpg 1536w, https:\/\/agora.xtec.cat\/zercepdesis\/wp-content\/uploads\/usu2412\/2022\/09\/3.jpg 2000w\" sizes=\"auto, (max-width: 574px) 100vw, 574px\" \/><\/a> <a href=\"https:\/\/agora.xtec.cat\/zercepdesis\/wp-content\/uploads\/usu2412\/2022\/09\/4.jpg\"><img loading=\"lazy\" decoding=\"async\" class=\"wp-image-2585 aligncenter\" src=\"https:\/\/agora.xtec.cat\/zercepdesis\/wp-content\/uploads\/usu2412\/2022\/09\/4-1024x724.jpg\" alt=\"\" width=\"572\" height=\"404\" srcset=\"https:\/\/agora.xtec.cat\/zercepdesis\/wp-content\/uploads\/usu2412\/2022\/09\/4-1024x724.jpg 1024w, https:\/\/agora.xtec.cat\/zercepdesis\/wp-content\/uploads\/usu2412\/2022\/09\/4-300x212.jpg 300w, https:\/\/agora.xtec.cat\/zercepdesis\/wp-content\/uploads\/usu2412\/2022\/09\/4-768x543.jpg 768w, https:\/\/agora.xtec.cat\/zercepdesis\/wp-content\/uploads\/usu2412\/2022\/09\/4-1536x1086.jpg 1536w, https:\/\/agora.xtec.cat\/zercepdesis\/wp-content\/uploads\/usu2412\/2022\/09\/4.jpg 2000w\" sizes=\"auto, (max-width: 572px) 100vw, 572px\" \/><\/a><\/p>\n","protected":false},"excerpt":{"rendered":"<p>Els primers dies que iniciem o reprenem l&#8217;escola \u00e9s una situaci\u00f3 plena d&#8217;emocions!<br \/>\nEls m\u00e9s petits\u00a0s&#8217;han anat acostumant\u00a0als horaris, compartir espai i temps amb els m\u00e9s grans, somriures i confiances noves. Cada infant ha necessitat el seu temps i progressivament han comen\u00e7at explorar el seu entorn&hellip;  <a href=\"https:\/\/agora.xtec.cat\/zercepdesis\/esc-viro\/els-primers-dies-a-lescola\/\" title=\"Read ELS PRIMERS DIES A L&#8217;ESCOLA\">Llegeix m\u00e9s\u00bb<\/a><\/p>\n","protected":false},"author":1,"featured_media":0,"comment_status":"open","ping_status":"closed","sticky":false,"template":"","format":"standard","meta":{"_bbp_topic_count":0,"_bbp_reply_count":0,"_bbp_total_topic_count":0,"_bbp_total_reply_count":0,"_bbp_voice_count":0,"_bbp_anonymous_reply_count":0,"_bbp_topic_count_hidden":0,"_bbp_reply_count_hidden":0,"_bbp_forum_subforum_count":0,"footnotes":""},"categories":[219,136],"tags":[],"class_list":["post-2581","post","type-post","status-publish","format-standard","hentry","category-curs-2022-2023-pu","category-esc-viro"],"post_mailing_queue_ids":[],"_links":{"self":[{"href":"https:\/\/agora.xtec.cat\/zercepdesis\/wp-json\/wp\/v2\/posts\/2581","targetHints":{"allow":["GET"]}}],"collection":[{"href":"https:\/\/agora.xtec.cat\/zercepdesis\/wp-json\/wp\/v2\/posts"}],"about":[{"href":"https:\/\/agora.xtec.cat\/zercepdesis\/wp-json\/wp\/v2\/types\/post"}],"author":[{"embeddable":true,"href":"https:\/\/agora.xtec.cat\/zercepdesis\/wp-json\/wp\/v2\/users\/1"}],"replies":[{"embeddable":true,"href":"https:\/\/agora.xtec.cat\/zercepdesis\/wp-json\/wp\/v2\/comments?post=2581"}],"version-history":[{"count":1,"href":"https:\/\/agora.xtec.cat\/zercepdesis\/wp-json\/wp\/v2\/posts\/2581\/revisions"}],"predecessor-version":[{"id":2586,"href":"https:\/\/agora.xtec.cat\/zercepdesis\/wp-json\/wp\/v2\/posts\/2581\/revisions\/2586"}],"wp:attachment":[{"href":"https:\/\/agora.xtec.cat\/zercepdesis\/wp-json\/wp\/v2\/media?parent=2581"}],"wp:term":[{"taxonomy":"category","embeddable":true,"href":"https:\/\/agora.xtec.cat\/zercepdesis\/wp-json\/wp\/v2\/categories?post=2581"},{"taxonomy":"post_tag","embeddable":true,"href":"https:\/\/agora.xtec.cat\/zercepdesis\/wp-json\/wp\/v2\/tags?post=2581"}],"curies":[{"name":"wp","href":"https:\/\/api.w.org\/{rel}","templated":true}]}}