{"id":2555,"date":"2022-05-31T12:16:01","date_gmt":"2022-05-31T10:16:01","guid":{"rendered":"https:\/\/agora.xtec.cat\/zercepdesis\/?p=2555"},"modified":"2022-05-31T12:16:01","modified_gmt":"2022-05-31T10:16:01","slug":"lhort-evoluciona","status":"publish","type":"post","link":"https:\/\/agora.xtec.cat\/zercepdesis\/esc-viro\/lhort-evoluciona\/","title":{"rendered":"L\u2019HORT EVOLUCIONA"},"content":{"rendered":"<p><span style=\"font-weight: 400;\">Aquest curs el nostre hort ha estat molt agra\u00eft amb la nostra feina. Ens ha ofert un conjunt de cicles de diferents plantes i tota l\u2019escola hem pogut gaudir i aprendre molt.\u00a0<\/span><\/p>\n<p><span style=\"font-weight: 400;\">Fa poc vam canviar les plantes, per les d\u2019estiu, i ja comencem a veure alguns fruits. Les tomaqueres ja\u00a0 observem els tom\u00e0quets i anem traient els cavalls.\u00a0 Les carbassoneres ens diuen el bon dia amb les seves boniques i grogues flors i ja descobrim alguns carabassonets petits.\u00a0<\/span><\/p>\n<p><span style=\"font-weight: 400;\">Les pebrotera i alberginieres van una mica m\u00e9s lentes, tamb\u00e9 han agafat una mica de plaga, ara ho estem tractant amb infusi\u00f3 d\u2019all, esperem poder collir algun fruit.\u00a0<\/span><\/p>\n<p><span style=\"font-weight: 400;\">Desitgem que hagueu pogut gaudir dels productes del nostre hort.<\/span><\/p>\n<p>&nbsp;<\/p>\n<p><a href=\"https:\/\/agora.xtec.cat\/zercepdesis\/wp-content\/uploads\/usu2412\/2022\/05\/1-1.jpg\"><img loading=\"lazy\" decoding=\"async\" class=\"wp-image-2556 aligncenter\" src=\"https:\/\/agora.xtec.cat\/zercepdesis\/wp-content\/uploads\/usu2412\/2022\/05\/1-1-1024x1024.jpg\" alt=\"\" width=\"642\" height=\"642\" srcset=\"https:\/\/agora.xtec.cat\/zercepdesis\/wp-content\/uploads\/usu2412\/2022\/05\/1-1-1024x1024.jpg 1024w, https:\/\/agora.xtec.cat\/zercepdesis\/wp-content\/uploads\/usu2412\/2022\/05\/1-1-300x300.jpg 300w, https:\/\/agora.xtec.cat\/zercepdesis\/wp-content\/uploads\/usu2412\/2022\/05\/1-1-150x150.jpg 150w, https:\/\/agora.xtec.cat\/zercepdesis\/wp-content\/uploads\/usu2412\/2022\/05\/1-1-768x768.jpg 768w, https:\/\/agora.xtec.cat\/zercepdesis\/wp-content\/uploads\/usu2412\/2022\/05\/1-1.jpg 1080w\" sizes=\"auto, (max-width: 642px) 100vw, 642px\" \/><\/a> <a href=\"https:\/\/agora.xtec.cat\/zercepdesis\/wp-content\/uploads\/usu2412\/2022\/05\/2-2.jpg\"><img loading=\"lazy\" decoding=\"async\" class=\"wp-image-2557 aligncenter\" src=\"https:\/\/agora.xtec.cat\/zercepdesis\/wp-content\/uploads\/usu2412\/2022\/05\/2-2-1024x1024.jpg\" alt=\"\" width=\"726\" height=\"726\" srcset=\"https:\/\/agora.xtec.cat\/zercepdesis\/wp-content\/uploads\/usu2412\/2022\/05\/2-2-1024x1024.jpg 1024w, https:\/\/agora.xtec.cat\/zercepdesis\/wp-content\/uploads\/usu2412\/2022\/05\/2-2-300x300.jpg 300w, https:\/\/agora.xtec.cat\/zercepdesis\/wp-content\/uploads\/usu2412\/2022\/05\/2-2-150x150.jpg 150w, https:\/\/agora.xtec.cat\/zercepdesis\/wp-content\/uploads\/usu2412\/2022\/05\/2-2-768x768.jpg 768w, https:\/\/agora.xtec.cat\/zercepdesis\/wp-content\/uploads\/usu2412\/2022\/05\/2-2.jpg 1080w\" sizes=\"auto, (max-width: 726px) 100vw, 726px\" \/><\/a><\/p>\n","protected":false},"excerpt":{"rendered":"<p>Aquest curs el nostre hort ha estat molt agra\u00eft amb la nostra feina. Ens ha ofert un conjunt de cicles de diferents plantes i tota l\u2019escola hem pogut gaudir i aprendre molt.\u00a0<br \/>\nFa poc vam canviar les plantes, per les d\u2019estiu, i ja comencem a veure&hellip;  <a href=\"https:\/\/agora.xtec.cat\/zercepdesis\/esc-viro\/lhort-evoluciona\/\" title=\"Read L\u2019HORT EVOLUCIONA\">Llegeix m\u00e9s\u00bb<\/a><\/p>\n","protected":false},"author":1,"featured_media":0,"comment_status":"open","ping_status":"closed","sticky":false,"template":"","format":"standard","meta":{"_bbp_topic_count":0,"_bbp_reply_count":0,"_bbp_total_topic_count":0,"_bbp_total_reply_count":0,"_bbp_voice_count":0,"_bbp_anonymous_reply_count":0,"_bbp_topic_count_hidden":0,"_bbp_reply_count_hidden":0,"_bbp_forum_subforum_count":0,"footnotes":""},"categories":[199,136],"tags":[],"class_list":["post-2555","post","type-post","status-publish","format-standard","hentry","category-curs-2021-2022-pu","category-esc-viro"],"post_mailing_queue_ids":[],"_links":{"self":[{"href":"https:\/\/agora.xtec.cat\/zercepdesis\/wp-json\/wp\/v2\/posts\/2555","targetHints":{"allow":["GET"]}}],"collection":[{"href":"https:\/\/agora.xtec.cat\/zercepdesis\/wp-json\/wp\/v2\/posts"}],"about":[{"href":"https:\/\/agora.xtec.cat\/zercepdesis\/wp-json\/wp\/v2\/types\/post"}],"author":[{"embeddable":true,"href":"https:\/\/agora.xtec.cat\/zercepdesis\/wp-json\/wp\/v2\/users\/1"}],"replies":[{"embeddable":true,"href":"https:\/\/agora.xtec.cat\/zercepdesis\/wp-json\/wp\/v2\/comments?post=2555"}],"version-history":[{"count":1,"href":"https:\/\/agora.xtec.cat\/zercepdesis\/wp-json\/wp\/v2\/posts\/2555\/revisions"}],"predecessor-version":[{"id":2558,"href":"https:\/\/agora.xtec.cat\/zercepdesis\/wp-json\/wp\/v2\/posts\/2555\/revisions\/2558"}],"wp:attachment":[{"href":"https:\/\/agora.xtec.cat\/zercepdesis\/wp-json\/wp\/v2\/media?parent=2555"}],"wp:term":[{"taxonomy":"category","embeddable":true,"href":"https:\/\/agora.xtec.cat\/zercepdesis\/wp-json\/wp\/v2\/categories?post=2555"},{"taxonomy":"post_tag","embeddable":true,"href":"https:\/\/agora.xtec.cat\/zercepdesis\/wp-json\/wp\/v2\/tags?post=2555"}],"curies":[{"name":"wp","href":"https:\/\/api.w.org\/{rel}","templated":true}]}}