{"id":2466,"date":"2022-04-19T13:06:22","date_gmt":"2022-04-19T11:06:22","guid":{"rendered":"https:\/\/agora.xtec.cat\/zercepdesis\/?p=2466"},"modified":"2022-04-19T21:09:55","modified_gmt":"2022-04-19T19:09:55","slug":"col%c2%b7laborem-amb-ucraina","status":"publish","type":"post","link":"https:\/\/agora.xtec.cat\/zercepdesis\/esc-viro\/col%c2%b7laborem-amb-ucraina\/","title":{"rendered":"COL\u00b7LABOREM AMB UCRA\u00cfNA!"},"content":{"rendered":"<p>Fa unes setmanes que ha arribat a les aules el qu\u00e8 est\u00e0 passant a Ucra\u00efna. Davant d&#8217;aquesta situaci\u00f3 els infants es fan preguntes i aporten tots els coneixements que tenen i descriuen com \u00e9s de desagradable la situaci\u00f3 que estan vivint, com tamb\u00e9 la inestabilitat i pors que viuen els ciutadants d&#8217;aquest pa\u00eds.<\/p>\n<p>Per aix\u00f2 des de l&#8217;escola es va decidir animar a tota la comunitat educativa per ajudar tenint en compte la situaci\u00f3 que viu Ucra\u00efna. Per aquest motiu, es va demanar a les fam\u00edlies que aportessin menjar, roba i materials. Tot el que vam recollir va arribar al seu dest\u00ed i fa uns dies vam rebre un missatge molt emocionant!<\/p>\n<p>Aqu\u00ed el teniu!!<\/p>\n<p>Moltes gr\u00e0cies a totes les persones que van aportar el vostre granet de sorra.<\/p>\n<p><a href=\"https:\/\/agora.xtec.cat\/zercepdesis\/wp-content\/uploads\/usu2412\/2022\/04\/Diseno-sin-titulo-3.jpg\"><img loading=\"lazy\" decoding=\"async\" class=\"alignnone size-large wp-image-2467\" src=\"https:\/\/agora.xtec.cat\/zercepdesis\/wp-content\/uploads\/usu2412\/2022\/04\/Diseno-sin-titulo-3-1024x576.jpg\" alt=\"\" width=\"1024\" height=\"576\" srcset=\"https:\/\/agora.xtec.cat\/zercepdesis\/wp-content\/uploads\/usu2412\/2022\/04\/Diseno-sin-titulo-3-1024x576.jpg 1024w, https:\/\/agora.xtec.cat\/zercepdesis\/wp-content\/uploads\/usu2412\/2022\/04\/Diseno-sin-titulo-3-300x169.jpg 300w, https:\/\/agora.xtec.cat\/zercepdesis\/wp-content\/uploads\/usu2412\/2022\/04\/Diseno-sin-titulo-3-768x432.jpg 768w, https:\/\/agora.xtec.cat\/zercepdesis\/wp-content\/uploads\/usu2412\/2022\/04\/Diseno-sin-titulo-3-1536x864.jpg 1536w, https:\/\/agora.xtec.cat\/zercepdesis\/wp-content\/uploads\/usu2412\/2022\/04\/Diseno-sin-titulo-3.jpg 1920w\" sizes=\"auto, (max-width: 1024px) 100vw, 1024px\" \/><\/a><\/p>\n","protected":false},"excerpt":{"rendered":"<p>Fa unes setmanes que ha arribat a les aules el qu\u00e8 est\u00e0 passant a Ucra\u00efna. Davant d&#8217;aquesta situaci\u00f3 els infants es fan preguntes i aporten tots els coneixements que tenen i descriuen com \u00e9s de desagradable la situaci\u00f3 que estan vivint, com tamb\u00e9 la inestabilitat&hellip;  <a href=\"https:\/\/agora.xtec.cat\/zercepdesis\/esc-viro\/col%c2%b7laborem-amb-ucraina\/\" title=\"Read COL\u00b7LABOREM AMB UCRA\u00cfNA!\">Llegeix m\u00e9s\u00bb<\/a><\/p>\n","protected":false},"author":1,"featured_media":0,"comment_status":"open","ping_status":"closed","sticky":false,"template":"","format":"standard","meta":{"_bbp_topic_count":0,"_bbp_reply_count":0,"_bbp_total_topic_count":0,"_bbp_total_reply_count":0,"_bbp_voice_count":0,"_bbp_anonymous_reply_count":0,"_bbp_topic_count_hidden":0,"_bbp_reply_count_hidden":0,"_bbp_forum_subforum_count":0,"footnotes":""},"categories":[199,136],"tags":[203,201,217,204],"class_list":["post-2466","post","type-post","status-publish","format-standard","hentry","category-curs-2021-2022-pu","category-esc-viro","tag-classe-de-les-bombetes","tag-classe-de-les-caniques","tag-classe-dels-focs","tag-classe-dels-minerals"],"post_mailing_queue_ids":[],"_links":{"self":[{"href":"https:\/\/agora.xtec.cat\/zercepdesis\/wp-json\/wp\/v2\/posts\/2466","targetHints":{"allow":["GET"]}}],"collection":[{"href":"https:\/\/agora.xtec.cat\/zercepdesis\/wp-json\/wp\/v2\/posts"}],"about":[{"href":"https:\/\/agora.xtec.cat\/zercepdesis\/wp-json\/wp\/v2\/types\/post"}],"author":[{"embeddable":true,"href":"https:\/\/agora.xtec.cat\/zercepdesis\/wp-json\/wp\/v2\/users\/1"}],"replies":[{"embeddable":true,"href":"https:\/\/agora.xtec.cat\/zercepdesis\/wp-json\/wp\/v2\/comments?post=2466"}],"version-history":[{"count":3,"href":"https:\/\/agora.xtec.cat\/zercepdesis\/wp-json\/wp\/v2\/posts\/2466\/revisions"}],"predecessor-version":[{"id":2486,"href":"https:\/\/agora.xtec.cat\/zercepdesis\/wp-json\/wp\/v2\/posts\/2466\/revisions\/2486"}],"wp:attachment":[{"href":"https:\/\/agora.xtec.cat\/zercepdesis\/wp-json\/wp\/v2\/media?parent=2466"}],"wp:term":[{"taxonomy":"category","embeddable":true,"href":"https:\/\/agora.xtec.cat\/zercepdesis\/wp-json\/wp\/v2\/categories?post=2466"},{"taxonomy":"post_tag","embeddable":true,"href":"https:\/\/agora.xtec.cat\/zercepdesis\/wp-json\/wp\/v2\/tags?post=2466"}],"curies":[{"name":"wp","href":"https:\/\/api.w.org\/{rel}","templated":true}]}}