{"id":2417,"date":"2022-02-21T15:09:45","date_gmt":"2022-02-21T14:09:45","guid":{"rendered":"https:\/\/agora.xtec.cat\/zercepdesis\/?p=2417"},"modified":"2022-02-21T15:09:45","modified_gmt":"2022-02-21T14:09:45","slug":"experiment-fem-neu","status":"publish","type":"post","link":"https:\/\/agora.xtec.cat\/zercepdesis\/esc-viro\/experiment-fem-neu\/","title":{"rendered":"EXPERIMENT: FEM NEU"},"content":{"rendered":"<p>La classe de les Caniques hem fet un experiment que ens ha agradat molt i va molt relacionat amb l&#8217;hivern.<\/p>\n<p>Durant forces sessions hem treballat aspectes relacioants amb aquesta estaci\u00f3. Hem treballat els colors, hem constru\u00eft un minim\u00f3n de l&#8217;hivern per la classe, tamb\u00e9 hem apr\u00e8s diversos animals que viuen en diversos habitats&#8230; La caixa de l&#8217;aprenentatge de l&#8217;hivern ens ha perm\u00e8s viure un conjunt d&#8217;experi\u00e8ncies per aprofundir sobre aquesta \u00e8poca de l&#8217;any. Per\u00f2 unes de les activitats que ens va agradar m\u00e9s \u00e9s l&#8217;experiment de fer neu. Per aquest motiu us expliquem qu\u00e8 necessiteu per si el voleu fer a casa:<\/p>\n<p>Hem barrejat dos productes: 1 got d&#8217;aigua i 4 gots de bicarbonat.<\/p>\n<p>Vam comen\u00e7ar-ho a tocar i barrejar aquests dos ingredients i vam aconseguir una textura de neu. Ens ho vam passar genial experimentant i fins i tot vam fer boles, igl\u00fas que els vam deixar assecar i la sorpresa va ser que ens va quedar dur com si fos una pedra.<\/p>\n<p>Ens ho vam passar genial i per aix\u00f2 ho hem volgut compartir-ho al web!!<\/p>\n<p>Vinga va animeu-vos i feu neu a casa!!<\/p>\n<p><a href=\"https:\/\/agora.xtec.cat\/zercepdesis\/wp-content\/uploads\/usu2412\/2022\/02\/EL-MINIMON-DE-LHIVERN.jpg\"><img loading=\"lazy\" decoding=\"async\" class=\"alignnone size-large wp-image-2418\" src=\"https:\/\/agora.xtec.cat\/zercepdesis\/wp-content\/uploads\/usu2412\/2022\/02\/EL-MINIMON-DE-LHIVERN-1024x724.jpg\" alt=\"\" width=\"1024\" height=\"724\" srcset=\"https:\/\/agora.xtec.cat\/zercepdesis\/wp-content\/uploads\/usu2412\/2022\/02\/EL-MINIMON-DE-LHIVERN-1024x724.jpg 1024w, https:\/\/agora.xtec.cat\/zercepdesis\/wp-content\/uploads\/usu2412\/2022\/02\/EL-MINIMON-DE-LHIVERN-300x212.jpg 300w, https:\/\/agora.xtec.cat\/zercepdesis\/wp-content\/uploads\/usu2412\/2022\/02\/EL-MINIMON-DE-LHIVERN-768x543.jpg 768w, https:\/\/agora.xtec.cat\/zercepdesis\/wp-content\/uploads\/usu2412\/2022\/02\/EL-MINIMON-DE-LHIVERN-1536x1086.jpg 1536w, https:\/\/agora.xtec.cat\/zercepdesis\/wp-content\/uploads\/usu2412\/2022\/02\/EL-MINIMON-DE-LHIVERN.jpg 2000w\" sizes=\"auto, (max-width: 1024px) 100vw, 1024px\" \/><\/a><\/p>\n<p>&nbsp;<\/p>\n","protected":false},"excerpt":{"rendered":"<p>La classe de les Caniques hem fet un experiment que ens ha agradat molt i va molt relacionat amb l&#8217;hivern.<br \/>\nDurant forces sessions hem treballat aspectes relacioants amb aquesta estaci\u00f3. Hem treballat els colors, hem constru\u00eft un minim\u00f3n de l&#8217;hivern per la classe, tamb\u00e9 hem apr\u00e8s&hellip;  <a href=\"https:\/\/agora.xtec.cat\/zercepdesis\/esc-viro\/experiment-fem-neu\/\" title=\"Read EXPERIMENT: FEM NEU\">Llegeix m\u00e9s\u00bb<\/a><\/p>\n","protected":false},"author":1,"featured_media":0,"comment_status":"open","ping_status":"closed","sticky":false,"template":"","format":"standard","meta":{"_bbp_topic_count":0,"_bbp_reply_count":0,"_bbp_total_topic_count":0,"_bbp_total_reply_count":0,"_bbp_voice_count":0,"_bbp_anonymous_reply_count":0,"_bbp_topic_count_hidden":0,"_bbp_reply_count_hidden":0,"_bbp_forum_subforum_count":0,"footnotes":""},"categories":[199,136],"tags":[201],"class_list":["post-2417","post","type-post","status-publish","format-standard","hentry","category-curs-2021-2022-pu","category-esc-viro","tag-classe-de-les-caniques"],"post_mailing_queue_ids":[],"_links":{"self":[{"href":"https:\/\/agora.xtec.cat\/zercepdesis\/wp-json\/wp\/v2\/posts\/2417","targetHints":{"allow":["GET"]}}],"collection":[{"href":"https:\/\/agora.xtec.cat\/zercepdesis\/wp-json\/wp\/v2\/posts"}],"about":[{"href":"https:\/\/agora.xtec.cat\/zercepdesis\/wp-json\/wp\/v2\/types\/post"}],"author":[{"embeddable":true,"href":"https:\/\/agora.xtec.cat\/zercepdesis\/wp-json\/wp\/v2\/users\/1"}],"replies":[{"embeddable":true,"href":"https:\/\/agora.xtec.cat\/zercepdesis\/wp-json\/wp\/v2\/comments?post=2417"}],"version-history":[{"count":1,"href":"https:\/\/agora.xtec.cat\/zercepdesis\/wp-json\/wp\/v2\/posts\/2417\/revisions"}],"predecessor-version":[{"id":2419,"href":"https:\/\/agora.xtec.cat\/zercepdesis\/wp-json\/wp\/v2\/posts\/2417\/revisions\/2419"}],"wp:attachment":[{"href":"https:\/\/agora.xtec.cat\/zercepdesis\/wp-json\/wp\/v2\/media?parent=2417"}],"wp:term":[{"taxonomy":"category","embeddable":true,"href":"https:\/\/agora.xtec.cat\/zercepdesis\/wp-json\/wp\/v2\/categories?post=2417"},{"taxonomy":"post_tag","embeddable":true,"href":"https:\/\/agora.xtec.cat\/zercepdesis\/wp-json\/wp\/v2\/tags?post=2417"}],"curies":[{"name":"wp","href":"https:\/\/api.w.org\/{rel}","templated":true}]}}