{"id":2410,"date":"2022-02-15T12:38:05","date_gmt":"2022-02-15T11:38:05","guid":{"rendered":"https:\/\/agora.xtec.cat\/zercepdesis\/?p=2410"},"modified":"2022-02-15T12:38:05","modified_gmt":"2022-02-15T11:38:05","slug":"5-regnes-dels-essers-vius","status":"publish","type":"post","link":"https:\/\/agora.xtec.cat\/zercepdesis\/esc-viro\/5-regnes-dels-essers-vius\/","title":{"rendered":"5 REGNES DELS \u00c9SSERS VIUS"},"content":{"rendered":"<p><span style=\"font-weight: 400;\">Durant el primer trimestre i el comen\u00e7ament del segon, hem estat estudiant, a l\u2019\u00e0rea d\u2019Hora Verda, els 5 regnes dels \u00e9ssers vius: els protoctists, les m\u00f2neres, l\u2019animal, el vegetal i el regne dels fongs. Dels protoctists, hem descobert que es divideixen en dos regnes: les algues i els protozous. Els m\u00f2neres es divideixen en cianobacteris i bacteris. Dins el regne animal hi ha 3 grups els vertebrats, els invertebrats no artr\u00f2podes i els invertebrats artrop\u00f2des.\u00a0 El regne vegetal es divideix en 2 grups: amb flors i sense flors. Dins el regne dels fongs hi ha 3 grups: els llevats, les floridures i els bolets.<\/span><\/p>\n<p><span style=\"font-weight: 400;\">Entre tot l\u2019alumnat de prim\u00e0ria hem fet un mural que podeu veure exposat al vest\u00edbul.<\/span><\/p>\n<p><a href=\"https:\/\/agora.xtec.cat\/zercepdesis\/wp-content\/uploads\/usu2412\/2022\/02\/1.jpg\"><img loading=\"lazy\" decoding=\"async\" class=\"wp-image-2412 aligncenter\" src=\"https:\/\/agora.xtec.cat\/zercepdesis\/wp-content\/uploads\/usu2412\/2022\/02\/1-1024x724.jpg\" alt=\"\" width=\"732\" height=\"518\" srcset=\"https:\/\/agora.xtec.cat\/zercepdesis\/wp-content\/uploads\/usu2412\/2022\/02\/1-1024x724.jpg 1024w, https:\/\/agora.xtec.cat\/zercepdesis\/wp-content\/uploads\/usu2412\/2022\/02\/1-300x212.jpg 300w, https:\/\/agora.xtec.cat\/zercepdesis\/wp-content\/uploads\/usu2412\/2022\/02\/1-768x543.jpg 768w, https:\/\/agora.xtec.cat\/zercepdesis\/wp-content\/uploads\/usu2412\/2022\/02\/1-1536x1086.jpg 1536w, https:\/\/agora.xtec.cat\/zercepdesis\/wp-content\/uploads\/usu2412\/2022\/02\/1.jpg 2000w\" sizes=\"auto, (max-width: 732px) 100vw, 732px\" \/><\/a><\/p>\n<p><span style=\"font-weight: 400;\">D\u2019altra banda tamb\u00e9 us volem explicar, que aquest any a la Cooperativa hem fet molta collita i tamb\u00e9 moltes vendes. Estem aprenent molt\u00edssim a gestionar els diners, comptar-los, revisar els tiquets i deixar el canvi a la Caixa preparat per la seg\u00fcent vegada de botiga.\u00a0<\/span><\/p>\n<p><a href=\"https:\/\/agora.xtec.cat\/zercepdesis\/wp-content\/uploads\/usu2412\/2022\/02\/2-1.jpg\"><img loading=\"lazy\" decoding=\"async\" class=\"wp-image-2413 aligncenter\" src=\"https:\/\/agora.xtec.cat\/zercepdesis\/wp-content\/uploads\/usu2412\/2022\/02\/2-1-1024x724.jpg\" alt=\"\" width=\"813\" height=\"575\" srcset=\"https:\/\/agora.xtec.cat\/zercepdesis\/wp-content\/uploads\/usu2412\/2022\/02\/2-1-1024x724.jpg 1024w, https:\/\/agora.xtec.cat\/zercepdesis\/wp-content\/uploads\/usu2412\/2022\/02\/2-1-300x212.jpg 300w, https:\/\/agora.xtec.cat\/zercepdesis\/wp-content\/uploads\/usu2412\/2022\/02\/2-1-768x543.jpg 768w, https:\/\/agora.xtec.cat\/zercepdesis\/wp-content\/uploads\/usu2412\/2022\/02\/2-1-1536x1086.jpg 1536w, https:\/\/agora.xtec.cat\/zercepdesis\/wp-content\/uploads\/usu2412\/2022\/02\/2-1.jpg 2000w\" sizes=\"auto, (max-width: 813px) 100vw, 813px\" \/><\/a><\/p>\n","protected":false},"excerpt":{"rendered":"<p>Durant el primer trimestre i el comen\u00e7ament del segon, hem estat estudiant, a l\u2019\u00e0rea d\u2019Hora Verda, els 5 regnes dels \u00e9ssers vius: els protoctists, les m\u00f2neres, l\u2019animal, el vegetal i el regne dels fongs. Dels protoctists, hem descobert que es divideixen en dos regnes: les&hellip;  <a href=\"https:\/\/agora.xtec.cat\/zercepdesis\/esc-viro\/5-regnes-dels-essers-vius\/\" title=\"Read 5 REGNES DELS \u00c9SSERS VIUS\">Llegeix m\u00e9s\u00bb<\/a><\/p>\n","protected":false},"author":1,"featured_media":0,"comment_status":"open","ping_status":"closed","sticky":false,"template":"","format":"standard","meta":{"_bbp_topic_count":0,"_bbp_reply_count":0,"_bbp_total_topic_count":0,"_bbp_total_reply_count":0,"_bbp_voice_count":0,"_bbp_anonymous_reply_count":0,"_bbp_topic_count_hidden":0,"_bbp_reply_count_hidden":0,"_bbp_forum_subforum_count":0,"footnotes":""},"categories":[199,136],"tags":[204],"class_list":["post-2410","post","type-post","status-publish","format-standard","hentry","category-curs-2021-2022-pu","category-esc-viro","tag-classe-dels-minerals"],"post_mailing_queue_ids":[],"_links":{"self":[{"href":"https:\/\/agora.xtec.cat\/zercepdesis\/wp-json\/wp\/v2\/posts\/2410","targetHints":{"allow":["GET"]}}],"collection":[{"href":"https:\/\/agora.xtec.cat\/zercepdesis\/wp-json\/wp\/v2\/posts"}],"about":[{"href":"https:\/\/agora.xtec.cat\/zercepdesis\/wp-json\/wp\/v2\/types\/post"}],"author":[{"embeddable":true,"href":"https:\/\/agora.xtec.cat\/zercepdesis\/wp-json\/wp\/v2\/users\/1"}],"replies":[{"embeddable":true,"href":"https:\/\/agora.xtec.cat\/zercepdesis\/wp-json\/wp\/v2\/comments?post=2410"}],"version-history":[{"count":2,"href":"https:\/\/agora.xtec.cat\/zercepdesis\/wp-json\/wp\/v2\/posts\/2410\/revisions"}],"predecessor-version":[{"id":2414,"href":"https:\/\/agora.xtec.cat\/zercepdesis\/wp-json\/wp\/v2\/posts\/2410\/revisions\/2414"}],"wp:attachment":[{"href":"https:\/\/agora.xtec.cat\/zercepdesis\/wp-json\/wp\/v2\/media?parent=2410"}],"wp:term":[{"taxonomy":"category","embeddable":true,"href":"https:\/\/agora.xtec.cat\/zercepdesis\/wp-json\/wp\/v2\/categories?post=2410"},{"taxonomy":"post_tag","embeddable":true,"href":"https:\/\/agora.xtec.cat\/zercepdesis\/wp-json\/wp\/v2\/tags?post=2410"}],"curies":[{"name":"wp","href":"https:\/\/api.w.org\/{rel}","templated":true}]}}