{"id":2403,"date":"2022-02-01T13:05:18","date_gmt":"2022-02-01T12:05:18","guid":{"rendered":"https:\/\/agora.xtec.cat\/zercepdesis\/?p=2403"},"modified":"2022-02-01T13:05:18","modified_gmt":"2022-02-01T12:05:18","slug":"projecte-de-la-botiga-de-pedres","status":"publish","type":"post","link":"https:\/\/agora.xtec.cat\/zercepdesis\/esc-viro\/projecte-de-la-botiga-de-pedres\/","title":{"rendered":"PROJECTE DE LA BOTIGA DE PEDRES"},"content":{"rendered":"<p>La Classe dels Focs est\u00e0 treballant amb el projecte de dur a terme una botiga de pedres.<\/p>\n<p>A partir d&#8217;una sortida a l&#8217;entorn natural que vam dur a terme a principi del primer trimestre, va sorgir l&#8217;ideal de recollir pedres i muntar una botiga.<\/p>\n<p>Despr\u00e9s de molt de temps, aquest inici del 2n trimestre ens hem posat mans a l&#8217;obra.<\/p>\n<p>Abans de comen\u00e7ar aquest projecte tots i totes hav\u00edem de tenir clar que s\u00f3n les pedres i recollir totes les nostres idees.<\/p>\n<p><a href=\"https:\/\/agora.xtec.cat\/zercepdesis\/wp-content\/uploads\/usu2412\/2022\/02\/projecte-botiga-de-pedres.jpg\"><img loading=\"lazy\" decoding=\"async\" class=\"wp-image-2404 aligncenter\" src=\"https:\/\/agora.xtec.cat\/zercepdesis\/wp-content\/uploads\/usu2412\/2022\/02\/projecte-botiga-de-pedres-724x1024.jpg\" alt=\"\" width=\"443\" height=\"626\" srcset=\"https:\/\/agora.xtec.cat\/zercepdesis\/wp-content\/uploads\/usu2412\/2022\/02\/projecte-botiga-de-pedres-724x1024.jpg 724w, https:\/\/agora.xtec.cat\/zercepdesis\/wp-content\/uploads\/usu2412\/2022\/02\/projecte-botiga-de-pedres-212x300.jpg 212w, https:\/\/agora.xtec.cat\/zercepdesis\/wp-content\/uploads\/usu2412\/2022\/02\/projecte-botiga-de-pedres-768x1086.jpg 768w, https:\/\/agora.xtec.cat\/zercepdesis\/wp-content\/uploads\/usu2412\/2022\/02\/projecte-botiga-de-pedres-1086x1536.jpg 1086w, https:\/\/agora.xtec.cat\/zercepdesis\/wp-content\/uploads\/usu2412\/2022\/02\/projecte-botiga-de-pedres.jpg 1414w\" sizes=\"auto, (max-width: 443px) 100vw, 443px\" \/><\/a><\/p>\n<p>Vam dur a terme unes hip\u00f2tesis de qu\u00e8 creiem que eren, tots teniem clar que eren \u00e9sser inherts, que no tenien vida. De pedres n&#8217;hi ha de diferents mides i les podem trobar a diferents llocs: a les muntanyes, la platja i el mar. A m\u00e9s hem descobert que eren minerals i que tenen 3 or\u00edgens diferents.<\/p>\n<p>De tot el que vam recollir a la sortida, hem dut a terme una classificaci\u00f3 de el que s\u00f3n pedres i el que no ho s\u00f3n.<\/p>\n<p>Ens toca continuar treballant amb el projecte de crear la botiga. Per cert, ja tenim el nom escollit:<\/p>\n<p>BOTIGA: PEDRES I MINERALS<\/p>\n<p>Mireu com estem contru\u00efnt nins i la caixa dels diners de la botiga. Us anirem explicant l&#8217;evoluci\u00f3 del nostre projecte!<\/p>\n<p><a href=\"https:\/\/agora.xtec.cat\/zercepdesis\/wp-content\/uploads\/usu2412\/2022\/02\/2.jpg\"><img loading=\"lazy\" decoding=\"async\" class=\"alignnone  wp-image-2405\" src=\"https:\/\/agora.xtec.cat\/zercepdesis\/wp-content\/uploads\/usu2412\/2022\/02\/2-724x1024.jpg\" alt=\"\" width=\"578\" height=\"818\" srcset=\"https:\/\/agora.xtec.cat\/zercepdesis\/wp-content\/uploads\/usu2412\/2022\/02\/2-724x1024.jpg 724w, https:\/\/agora.xtec.cat\/zercepdesis\/wp-content\/uploads\/usu2412\/2022\/02\/2-212x300.jpg 212w, https:\/\/agora.xtec.cat\/zercepdesis\/wp-content\/uploads\/usu2412\/2022\/02\/2-768x1086.jpg 768w, https:\/\/agora.xtec.cat\/zercepdesis\/wp-content\/uploads\/usu2412\/2022\/02\/2-1086x1536.jpg 1086w, https:\/\/agora.xtec.cat\/zercepdesis\/wp-content\/uploads\/usu2412\/2022\/02\/2.jpg 1414w\" sizes=\"auto, (max-width: 578px) 100vw, 578px\" \/><\/a><\/p>\n<p>&nbsp;<\/p>\n","protected":false},"excerpt":{"rendered":"<p>La Classe dels Focs est\u00e0 treballant amb el projecte de dur a terme una botiga de pedres.<br \/>\nA partir d&#8217;una sortida a l&#8217;entorn natural que vam dur a terme a principi del primer trimestre, va sorgir l&#8217;ideal de recollir pedres i muntar una botiga.<br \/>\nDespr\u00e9s de molt&hellip;  <a href=\"https:\/\/agora.xtec.cat\/zercepdesis\/esc-viro\/projecte-de-la-botiga-de-pedres\/\" title=\"Read PROJECTE DE LA BOTIGA DE PEDRES\">Llegeix m\u00e9s\u00bb<\/a><\/p>\n","protected":false},"author":1,"featured_media":0,"comment_status":"open","ping_status":"closed","sticky":false,"template":"","format":"standard","meta":{"_bbp_topic_count":0,"_bbp_reply_count":0,"_bbp_total_topic_count":0,"_bbp_total_reply_count":0,"_bbp_voice_count":0,"_bbp_anonymous_reply_count":0,"_bbp_topic_count_hidden":0,"_bbp_reply_count_hidden":0,"_bbp_forum_subforum_count":0,"footnotes":""},"categories":[199,136],"tags":[],"class_list":["post-2403","post","type-post","status-publish","format-standard","hentry","category-curs-2021-2022-pu","category-esc-viro"],"post_mailing_queue_ids":[],"_links":{"self":[{"href":"https:\/\/agora.xtec.cat\/zercepdesis\/wp-json\/wp\/v2\/posts\/2403","targetHints":{"allow":["GET"]}}],"collection":[{"href":"https:\/\/agora.xtec.cat\/zercepdesis\/wp-json\/wp\/v2\/posts"}],"about":[{"href":"https:\/\/agora.xtec.cat\/zercepdesis\/wp-json\/wp\/v2\/types\/post"}],"author":[{"embeddable":true,"href":"https:\/\/agora.xtec.cat\/zercepdesis\/wp-json\/wp\/v2\/users\/1"}],"replies":[{"embeddable":true,"href":"https:\/\/agora.xtec.cat\/zercepdesis\/wp-json\/wp\/v2\/comments?post=2403"}],"version-history":[{"count":1,"href":"https:\/\/agora.xtec.cat\/zercepdesis\/wp-json\/wp\/v2\/posts\/2403\/revisions"}],"predecessor-version":[{"id":2406,"href":"https:\/\/agora.xtec.cat\/zercepdesis\/wp-json\/wp\/v2\/posts\/2403\/revisions\/2406"}],"wp:attachment":[{"href":"https:\/\/agora.xtec.cat\/zercepdesis\/wp-json\/wp\/v2\/media?parent=2403"}],"wp:term":[{"taxonomy":"category","embeddable":true,"href":"https:\/\/agora.xtec.cat\/zercepdesis\/wp-json\/wp\/v2\/categories?post=2403"},{"taxonomy":"post_tag","embeddable":true,"href":"https:\/\/agora.xtec.cat\/zercepdesis\/wp-json\/wp\/v2\/tags?post=2403"}],"curies":[{"name":"wp","href":"https:\/\/api.w.org\/{rel}","templated":true}]}}