{"id":2395,"date":"2022-01-25T13:01:20","date_gmt":"2022-01-25T12:01:20","guid":{"rendered":"https:\/\/agora.xtec.cat\/zercepdesis\/?p=2395"},"modified":"2022-01-25T13:01:20","modified_gmt":"2022-01-25T12:01:20","slug":"hort-fabulos","status":"publish","type":"post","link":"https:\/\/agora.xtec.cat\/zercepdesis\/esc-mor\/hort-fabulos\/","title":{"rendered":"HORT FABUL\u00d3S"},"content":{"rendered":"<p>Les nenes i els nens de l&#8217;escola estem cuidant l&#8217;hort d&#8217;all\u00f2 m\u00e9s. Tot i que ha gla\u00e7at, les plantes del nostre hort han aguantat. Hem cobert els enciams petits amb garrafes i estem abonant la terra perqu\u00e8 sigui m\u00e9s nutritiva.<\/p>\n<p>&nbsp;<\/p>\n<p><a href=\"https:\/\/agora.xtec.cat\/zercepdesis\/wp-content\/uploads\/usu2412\/2022\/01\/Simple-Look-of-the-Day-Photo-Collage-1.jpg\"><img loading=\"lazy\" decoding=\"async\" class=\"alignnone size-large wp-image-2398\" src=\"https:\/\/agora.xtec.cat\/zercepdesis\/wp-content\/uploads\/usu2412\/2022\/01\/Simple-Look-of-the-Day-Photo-Collage-1-1024x819.jpg\" alt=\"\" width=\"1024\" height=\"819\" srcset=\"https:\/\/agora.xtec.cat\/zercepdesis\/wp-content\/uploads\/usu2412\/2022\/01\/Simple-Look-of-the-Day-Photo-Collage-1-1024x819.jpg 1024w, https:\/\/agora.xtec.cat\/zercepdesis\/wp-content\/uploads\/usu2412\/2022\/01\/Simple-Look-of-the-Day-Photo-Collage-1-300x240.jpg 300w, https:\/\/agora.xtec.cat\/zercepdesis\/wp-content\/uploads\/usu2412\/2022\/01\/Simple-Look-of-the-Day-Photo-Collage-1-768x614.jpg 768w, https:\/\/agora.xtec.cat\/zercepdesis\/wp-content\/uploads\/usu2412\/2022\/01\/Simple-Look-of-the-Day-Photo-Collage-1-1536x1229.jpg 1536w, https:\/\/agora.xtec.cat\/zercepdesis\/wp-content\/uploads\/usu2412\/2022\/01\/Simple-Look-of-the-Day-Photo-Collage-1.jpg 2000w\" sizes=\"auto, (max-width: 1024px) 100vw, 1024px\" \/><\/a><\/p>\n","protected":false},"excerpt":{"rendered":"<p>Les nenes i els nens de l&#8217;escola estem cuidant l&#8217;hort d&#8217;all\u00f2 m\u00e9s. Tot i que ha gla\u00e7at, les plantes del nostre hort han aguantat. Hem cobert els enciams petits amb garrafes i estem abonant la terra perqu\u00e8 sigui m\u00e9s nutritiva.<br \/>\n&nbsp;<br \/>\n<a href=\"https:\/\/agora.xtec.cat\/zercepdesis\/wp-content\/uploads\/usu2412\/2022\/01\/Simple-Look-of-the-Day-Photo-Collage-1.jpg\"><\/a><\/p>\n","protected":false},"author":1,"featured_media":0,"comment_status":"open","ping_status":"closed","sticky":false,"template":"","format":"standard","meta":{"_bbp_topic_count":0,"_bbp_reply_count":0,"_bbp_total_topic_count":0,"_bbp_total_reply_count":0,"_bbp_voice_count":0,"_bbp_anonymous_reply_count":0,"_bbp_topic_count_hidden":0,"_bbp_reply_count_hidden":0,"_bbp_forum_subforum_count":0,"footnotes":""},"categories":[198,121],"tags":[214,210,196],"class_list":["post-2395","post","type-post","status-publish","format-standard","hentry","category-curs-2021-2022-sf","category-esc-mor","tag-curs-2021-2022-sf","tag-el-bosc-classe-gran","tag-escola-les-moreres"],"post_mailing_queue_ids":[],"_links":{"self":[{"href":"https:\/\/agora.xtec.cat\/zercepdesis\/wp-json\/wp\/v2\/posts\/2395","targetHints":{"allow":["GET"]}}],"collection":[{"href":"https:\/\/agora.xtec.cat\/zercepdesis\/wp-json\/wp\/v2\/posts"}],"about":[{"href":"https:\/\/agora.xtec.cat\/zercepdesis\/wp-json\/wp\/v2\/types\/post"}],"author":[{"embeddable":true,"href":"https:\/\/agora.xtec.cat\/zercepdesis\/wp-json\/wp\/v2\/users\/1"}],"replies":[{"embeddable":true,"href":"https:\/\/agora.xtec.cat\/zercepdesis\/wp-json\/wp\/v2\/comments?post=2395"}],"version-history":[{"count":1,"href":"https:\/\/agora.xtec.cat\/zercepdesis\/wp-json\/wp\/v2\/posts\/2395\/revisions"}],"predecessor-version":[{"id":2399,"href":"https:\/\/agora.xtec.cat\/zercepdesis\/wp-json\/wp\/v2\/posts\/2395\/revisions\/2399"}],"wp:attachment":[{"href":"https:\/\/agora.xtec.cat\/zercepdesis\/wp-json\/wp\/v2\/media?parent=2395"}],"wp:term":[{"taxonomy":"category","embeddable":true,"href":"https:\/\/agora.xtec.cat\/zercepdesis\/wp-json\/wp\/v2\/categories?post=2395"},{"taxonomy":"post_tag","embeddable":true,"href":"https:\/\/agora.xtec.cat\/zercepdesis\/wp-json\/wp\/v2\/tags?post=2395"}],"curies":[{"name":"wp","href":"https:\/\/api.w.org\/{rel}","templated":true}]}}