{"id":2389,"date":"2022-01-25T13:00:10","date_gmt":"2022-01-25T12:00:10","guid":{"rendered":"https:\/\/agora.xtec.cat\/zercepdesis\/?p=2389"},"modified":"2022-01-25T13:00:10","modified_gmt":"2022-01-25T12:00:10","slug":"lhivern","status":"publish","type":"post","link":"https:\/\/agora.xtec.cat\/zercepdesis\/esc-viro\/lhivern\/","title":{"rendered":"L&#8217;HIVERN"},"content":{"rendered":"<p>A finals de primer trimestre va comen\u00e7ar una nova estaci\u00f3, l&#8217;hivern.<\/p>\n<p><img loading=\"lazy\" decoding=\"async\" class=\"aligncenter\" src=\"https:\/\/apic.es\/wp-content\/uploads\/2017\/12\/hola-hivern.jpg\" alt=\"Hola hivern - APIC\" width=\"627\" height=\"443\" \/><\/p>\n<p>Els infants de la classe de les &#8220;Caniques&#8221; estem treballant aspectes relacionats amb l&#8217;hivern.<\/p>\n<p>Hem descobert quins s\u00f3n els colors freds i quins s\u00f3n els c\u00e0lids. I com ho hem fet?<\/p>\n<p>En primer lloc a trav\u00e9s de la observaci\u00f3, vam establir una conversa a trav\u00e9s d&#8217;unes quantes imatges de paisatges diferenciats i els infants les havien de classificar segons el que veien.<\/p>\n<p>En segon lloc, vam buscar diferents objectes de colors diversos per la classe i els vam agrupar.<\/p>\n<p>En tercer lloc, vam classificar amb colorsa freds i c\u00e0lids.<\/p>\n<p>I per acabar, vam ordenar games crom\u00e0tiques, del m\u00e9s fort al m\u00e9s fluixet. Despre\u00b4s vam fabricar tontalitats de colors freds amb les aquarel\u00b7les.<\/p>\n<p>Continuarem treballant aspectes relacionats amb l&#8217;hivern i us ho compartirem!<\/p>\n<p><a href=\"https:\/\/agora.xtec.cat\/zercepdesis\/wp-content\/uploads\/usu2412\/2022\/01\/els-colors-de-lhivern.jpg\"><img loading=\"lazy\" decoding=\"async\" class=\"wp-image-2396 aligncenter\" src=\"https:\/\/agora.xtec.cat\/zercepdesis\/wp-content\/uploads\/usu2412\/2022\/01\/els-colors-de-lhivern-1024x576.jpg\" alt=\"\" width=\"807\" height=\"454\" srcset=\"https:\/\/agora.xtec.cat\/zercepdesis\/wp-content\/uploads\/usu2412\/2022\/01\/els-colors-de-lhivern-1024x576.jpg 1024w, https:\/\/agora.xtec.cat\/zercepdesis\/wp-content\/uploads\/usu2412\/2022\/01\/els-colors-de-lhivern-300x169.jpg 300w, https:\/\/agora.xtec.cat\/zercepdesis\/wp-content\/uploads\/usu2412\/2022\/01\/els-colors-de-lhivern-768x432.jpg 768w, https:\/\/agora.xtec.cat\/zercepdesis\/wp-content\/uploads\/usu2412\/2022\/01\/els-colors-de-lhivern-1536x864.jpg 1536w, https:\/\/agora.xtec.cat\/zercepdesis\/wp-content\/uploads\/usu2412\/2022\/01\/els-colors-de-lhivern.jpg 1920w\" sizes=\"auto, (max-width: 807px) 100vw, 807px\" \/><\/a><\/p>\n<p>&nbsp;<\/p>\n","protected":false},"excerpt":{"rendered":"<p>A finals de primer trimestre va comen\u00e7ar una nova estaci\u00f3, l&#8217;hivern.<\/p>\n<p>Els infants de la classe de les &#8220;Caniques&#8221; estem treballant aspectes relacionats amb l&#8217;hivern.<br \/>\nHem descobert quins s\u00f3n els colors freds i quins s\u00f3n els c\u00e0lids. I com ho hem fet?<br \/>\nEn primer lloc a trav\u00e9s de&hellip;  <a href=\"https:\/\/agora.xtec.cat\/zercepdesis\/esc-viro\/lhivern\/\" title=\"Read L&#8217;HIVERN\">Llegeix m\u00e9s\u00bb<\/a><\/p>\n","protected":false},"author":1,"featured_media":0,"comment_status":"open","ping_status":"closed","sticky":false,"template":"","format":"standard","meta":{"_bbp_topic_count":0,"_bbp_reply_count":0,"_bbp_total_topic_count":0,"_bbp_total_reply_count":0,"_bbp_voice_count":0,"_bbp_anonymous_reply_count":0,"_bbp_topic_count_hidden":0,"_bbp_reply_count_hidden":0,"_bbp_forum_subforum_count":0,"footnotes":""},"categories":[199,136],"tags":[201],"class_list":["post-2389","post","type-post","status-publish","format-standard","hentry","category-curs-2021-2022-pu","category-esc-viro","tag-classe-de-les-caniques"],"post_mailing_queue_ids":[],"_links":{"self":[{"href":"https:\/\/agora.xtec.cat\/zercepdesis\/wp-json\/wp\/v2\/posts\/2389","targetHints":{"allow":["GET"]}}],"collection":[{"href":"https:\/\/agora.xtec.cat\/zercepdesis\/wp-json\/wp\/v2\/posts"}],"about":[{"href":"https:\/\/agora.xtec.cat\/zercepdesis\/wp-json\/wp\/v2\/types\/post"}],"author":[{"embeddable":true,"href":"https:\/\/agora.xtec.cat\/zercepdesis\/wp-json\/wp\/v2\/users\/1"}],"replies":[{"embeddable":true,"href":"https:\/\/agora.xtec.cat\/zercepdesis\/wp-json\/wp\/v2\/comments?post=2389"}],"version-history":[{"count":1,"href":"https:\/\/agora.xtec.cat\/zercepdesis\/wp-json\/wp\/v2\/posts\/2389\/revisions"}],"predecessor-version":[{"id":2397,"href":"https:\/\/agora.xtec.cat\/zercepdesis\/wp-json\/wp\/v2\/posts\/2389\/revisions\/2397"}],"wp:attachment":[{"href":"https:\/\/agora.xtec.cat\/zercepdesis\/wp-json\/wp\/v2\/media?parent=2389"}],"wp:term":[{"taxonomy":"category","embeddable":true,"href":"https:\/\/agora.xtec.cat\/zercepdesis\/wp-json\/wp\/v2\/categories?post=2389"},{"taxonomy":"post_tag","embeddable":true,"href":"https:\/\/agora.xtec.cat\/zercepdesis\/wp-json\/wp\/v2\/tags?post=2389"}],"curies":[{"name":"wp","href":"https:\/\/api.w.org\/{rel}","templated":true}]}}