{"id":2375,"date":"2022-01-18T12:35:21","date_gmt":"2022-01-18T11:35:21","guid":{"rendered":"https:\/\/agora.xtec.cat\/zercepdesis\/?p=2375"},"modified":"2022-01-18T12:35:21","modified_gmt":"2022-01-18T11:35:21","slug":"video-recull-nadal","status":"publish","type":"post","link":"https:\/\/agora.xtec.cat\/zercepdesis\/esc-mor\/video-recull-nadal\/","title":{"rendered":"V\u00cdDEO RECULL NADAL"},"content":{"rendered":"<p>Benvolgudes fam\u00edlies,<\/p>\n<p>Despr\u00e9s de les vacances de Nadal ja tornem a ser aqu\u00ed amb les piles ben carregades. Durant les vacances vam fer un v\u00eddeo recull per tal de poder compartir amb vosaltres algunes de les activitats nadalenques que vam fer a l&#8217;escola.<\/p>\n<p>Accediu a la galeria de la ZER clicant aquest <a href=\"https:\/\/agora.xtec.cat\/zercepdesis\/galeria-zer\/\">link .<\/a><\/p>\n","protected":false},"excerpt":{"rendered":"<p>Benvolgudes fam\u00edlies,<br \/>\nDespr\u00e9s de les vacances de Nadal ja tornem a ser aqu\u00ed amb les piles ben carregades. Durant les vacances vam fer un v\u00eddeo recull per tal de poder compartir amb vosaltres algunes de les activitats nadalenques que vam fer a l&#8217;escola.<br \/>\nAccediu a la galeria&hellip;  <a href=\"https:\/\/agora.xtec.cat\/zercepdesis\/esc-mor\/video-recull-nadal\/\" title=\"Read V\u00cdDEO RECULL NADAL\">Llegeix m\u00e9s\u00bb<\/a><\/p>\n","protected":false},"author":1,"featured_media":0,"comment_status":"open","ping_status":"closed","sticky":false,"template":"","format":"standard","meta":{"_bbp_topic_count":0,"_bbp_reply_count":0,"_bbp_total_topic_count":0,"_bbp_total_reply_count":0,"_bbp_voice_count":0,"_bbp_anonymous_reply_count":0,"_bbp_topic_count_hidden":0,"_bbp_reply_count_hidden":0,"_bbp_forum_subforum_count":0,"footnotes":""},"categories":[198,121],"tags":[212,210,213,196,211],"class_list":["post-2375","post","type-post","status-publish","format-standard","hentry","category-curs-2021-2022-sf","category-esc-mor","tag-capgrossos-21-22","tag-el-bosc-classe-gran","tag-els-esquelets-panderetes","tag-escola-les-moreres","tag-la-classe-del-mar-parellot"],"post_mailing_queue_ids":[],"_links":{"self":[{"href":"https:\/\/agora.xtec.cat\/zercepdesis\/wp-json\/wp\/v2\/posts\/2375","targetHints":{"allow":["GET"]}}],"collection":[{"href":"https:\/\/agora.xtec.cat\/zercepdesis\/wp-json\/wp\/v2\/posts"}],"about":[{"href":"https:\/\/agora.xtec.cat\/zercepdesis\/wp-json\/wp\/v2\/types\/post"}],"author":[{"embeddable":true,"href":"https:\/\/agora.xtec.cat\/zercepdesis\/wp-json\/wp\/v2\/users\/1"}],"replies":[{"embeddable":true,"href":"https:\/\/agora.xtec.cat\/zercepdesis\/wp-json\/wp\/v2\/comments?post=2375"}],"version-history":[{"count":1,"href":"https:\/\/agora.xtec.cat\/zercepdesis\/wp-json\/wp\/v2\/posts\/2375\/revisions"}],"predecessor-version":[{"id":2376,"href":"https:\/\/agora.xtec.cat\/zercepdesis\/wp-json\/wp\/v2\/posts\/2375\/revisions\/2376"}],"wp:attachment":[{"href":"https:\/\/agora.xtec.cat\/zercepdesis\/wp-json\/wp\/v2\/media?parent=2375"}],"wp:term":[{"taxonomy":"category","embeddable":true,"href":"https:\/\/agora.xtec.cat\/zercepdesis\/wp-json\/wp\/v2\/categories?post=2375"},{"taxonomy":"post_tag","embeddable":true,"href":"https:\/\/agora.xtec.cat\/zercepdesis\/wp-json\/wp\/v2\/tags?post=2375"}],"curies":[{"name":"wp","href":"https:\/\/api.w.org\/{rel}","templated":true}]}}