{"id":2364,"date":"2021-12-21T13:13:53","date_gmt":"2021-12-21T12:13:53","guid":{"rendered":"https:\/\/agora.xtec.cat\/zercepdesis\/?p=2364"},"modified":"2021-12-21T13:13:53","modified_gmt":"2021-12-21T12:13:53","slug":"les-llucies-3","status":"publish","type":"post","link":"https:\/\/agora.xtec.cat\/zercepdesis\/esc-viro\/les-llucies-3\/","title":{"rendered":"LES LL\u00daCIES"},"content":{"rendered":"<p>El dia 13 de desembre \u00e9s Santa LL\u00facia.<\/p>\n<p>La tradici\u00f3 de l&#8217;escola \u00e9s que tot l&#8217;alumnat cantem can\u00e7ons pel poble.<\/p>\n<p>En primer lloc, vam fer una parada a la Llar d&#8217;Infants, despr\u00e9s a l&#8217;Esgl\u00e9sia i per \u00faltim a l&#8217;escola.<\/p>\n<p>Un cop vam acabar les can\u00e7ons, vam dur a terme una recollida de productes. Vam recollir for\u00e7a menjar, en vam fer una tria. Una part vam considerar que era millor fer-ne una <span style=\"font-family: inherit; font-size: 1em;\">donaci\u00f3 per a persones que ho necessiten. I l&#8217;altre per poder fer un esmorzar l&#8217;\u00faltim dia del trimestre.\u00a0<\/span><\/p>\n<p>La Classe dels Focs van ser els i les responsables en dur els productes a l&#8217;Esgl\u00e9sia perqu\u00e8 ho fessin arribar a C\u00e0rites.<\/p>\n<p>Volem agrair a totes les fam\u00edlies i habitants del poble per la vostra solidaritat i estem segurs que ajudaran a moltes persones!<\/p>\n<p><a href=\"https:\/\/agora.xtec.cat\/zercepdesis\/wp-content\/uploads\/usu2412\/2021\/12\/LLUCIES.jpg\"><img loading=\"lazy\" decoding=\"async\" class=\"wp-image-2365 aligncenter\" src=\"https:\/\/agora.xtec.cat\/zercepdesis\/wp-content\/uploads\/usu2412\/2021\/12\/LLUCIES-1024x576.jpg\" alt=\"\" width=\"887\" height=\"499\" srcset=\"https:\/\/agora.xtec.cat\/zercepdesis\/wp-content\/uploads\/usu2412\/2021\/12\/LLUCIES-1024x576.jpg 1024w, https:\/\/agora.xtec.cat\/zercepdesis\/wp-content\/uploads\/usu2412\/2021\/12\/LLUCIES-300x169.jpg 300w, https:\/\/agora.xtec.cat\/zercepdesis\/wp-content\/uploads\/usu2412\/2021\/12\/LLUCIES-768x432.jpg 768w, https:\/\/agora.xtec.cat\/zercepdesis\/wp-content\/uploads\/usu2412\/2021\/12\/LLUCIES-1536x864.jpg 1536w, https:\/\/agora.xtec.cat\/zercepdesis\/wp-content\/uploads\/usu2412\/2021\/12\/LLUCIES.jpg 1920w\" sizes=\"auto, (max-width: 887px) 100vw, 887px\" \/><\/a><\/p>\n<p>&nbsp;<\/p>\n","protected":false},"excerpt":{"rendered":"<p>El dia 13 de desembre \u00e9s Santa LL\u00facia.<br \/>\nLa tradici\u00f3 de l&#8217;escola \u00e9s que tot l&#8217;alumnat cantem can\u00e7ons pel poble.<br \/>\nEn primer lloc, vam fer una parada a la Llar d&#8217;Infants, despr\u00e9s a l&#8217;Esgl\u00e9sia i per \u00faltim a l&#8217;escola.<br \/>\nUn cop vam acabar les can\u00e7ons, vam dur a&hellip;  <a href=\"https:\/\/agora.xtec.cat\/zercepdesis\/esc-viro\/les-llucies-3\/\" title=\"Read LES LL\u00daCIES\">Llegeix m\u00e9s\u00bb<\/a><\/p>\n","protected":false},"author":1,"featured_media":0,"comment_status":"open","ping_status":"closed","sticky":false,"template":"","format":"standard","meta":{"_bbp_topic_count":0,"_bbp_reply_count":0,"_bbp_total_topic_count":0,"_bbp_total_reply_count":0,"_bbp_voice_count":0,"_bbp_anonymous_reply_count":0,"_bbp_topic_count_hidden":0,"_bbp_reply_count_hidden":0,"_bbp_forum_subforum_count":0,"footnotes":""},"categories":[199,136],"tags":[],"class_list":["post-2364","post","type-post","status-publish","format-standard","hentry","category-curs-2021-2022-pu","category-esc-viro"],"post_mailing_queue_ids":[],"_links":{"self":[{"href":"https:\/\/agora.xtec.cat\/zercepdesis\/wp-json\/wp\/v2\/posts\/2364","targetHints":{"allow":["GET"]}}],"collection":[{"href":"https:\/\/agora.xtec.cat\/zercepdesis\/wp-json\/wp\/v2\/posts"}],"about":[{"href":"https:\/\/agora.xtec.cat\/zercepdesis\/wp-json\/wp\/v2\/types\/post"}],"author":[{"embeddable":true,"href":"https:\/\/agora.xtec.cat\/zercepdesis\/wp-json\/wp\/v2\/users\/1"}],"replies":[{"embeddable":true,"href":"https:\/\/agora.xtec.cat\/zercepdesis\/wp-json\/wp\/v2\/comments?post=2364"}],"version-history":[{"count":1,"href":"https:\/\/agora.xtec.cat\/zercepdesis\/wp-json\/wp\/v2\/posts\/2364\/revisions"}],"predecessor-version":[{"id":2366,"href":"https:\/\/agora.xtec.cat\/zercepdesis\/wp-json\/wp\/v2\/posts\/2364\/revisions\/2366"}],"wp:attachment":[{"href":"https:\/\/agora.xtec.cat\/zercepdesis\/wp-json\/wp\/v2\/media?parent=2364"}],"wp:term":[{"taxonomy":"category","embeddable":true,"href":"https:\/\/agora.xtec.cat\/zercepdesis\/wp-json\/wp\/v2\/categories?post=2364"},{"taxonomy":"post_tag","embeddable":true,"href":"https:\/\/agora.xtec.cat\/zercepdesis\/wp-json\/wp\/v2\/tags?post=2364"}],"curies":[{"name":"wp","href":"https:\/\/api.w.org\/{rel}","templated":true}]}}