{"id":2361,"date":"2021-12-13T20:39:30","date_gmt":"2021-12-13T19:39:30","guid":{"rendered":"https:\/\/agora.xtec.cat\/zercepdesis\/?p=2361"},"modified":"2021-12-13T20:39:30","modified_gmt":"2021-12-13T19:39:30","slug":"la-festa-major","status":"publish","type":"post","link":"https:\/\/agora.xtec.cat\/zercepdesis\/esc-viro\/la-festa-major\/","title":{"rendered":"LA FESTA MAJOR"},"content":{"rendered":"<p>La setmana passada va ser la Festa Major de Puigd\u00e0lber.<\/p>\n<p>Tota l&#8217;escola vam gaudir d&#8217;una mostra dels diversos balls populars que participen a la Festa Major.<\/p>\n<p>Els integrants dels corresponents balls ens van ensenyar quins s\u00f3n els elements que porten d&#8217;indument\u00e0ria i el seu vestuari.<\/p>\n<p>El primer dia vam gaudir de les Panderetes, les Pastoretes i Pastorets, les Bastoneres i els Panderos. I el segon dia ens van fer la mostra les Gitanes i els Diables.<\/p>\n<p>A partir d&#8217;aquesta mostra, les &#8220;Caniques&#8221; hem treballat vocabulari, contes i altres aspectes relacionats amb la lectura i escriptura dels elements d&#8217;indument\u00e0ria i del vestuari.<\/p>\n<p>Des d&#8217;aqu\u00ed volem donar les gr\u00e0cies a tots els infants que van participar-hi, i a algunes de les fam\u00edlies i altres persones que formen part de la festa major de Puigd\u00e0lber.<\/p>\n<p><a href=\"https:\/\/agora.xtec.cat\/zercepdesis\/wp-content\/uploads\/usu2412\/2021\/12\/FESTA-MAJOR.jpg\"><img loading=\"lazy\" decoding=\"async\" class=\"alignnone size-large wp-image-2362\" src=\"https:\/\/agora.xtec.cat\/zercepdesis\/wp-content\/uploads\/usu2412\/2021\/12\/FESTA-MAJOR-1024x576.jpg\" alt=\"\" width=\"1024\" height=\"576\" srcset=\"https:\/\/agora.xtec.cat\/zercepdesis\/wp-content\/uploads\/usu2412\/2021\/12\/FESTA-MAJOR-1024x576.jpg 1024w, https:\/\/agora.xtec.cat\/zercepdesis\/wp-content\/uploads\/usu2412\/2021\/12\/FESTA-MAJOR-300x169.jpg 300w, https:\/\/agora.xtec.cat\/zercepdesis\/wp-content\/uploads\/usu2412\/2021\/12\/FESTA-MAJOR-768x432.jpg 768w, https:\/\/agora.xtec.cat\/zercepdesis\/wp-content\/uploads\/usu2412\/2021\/12\/FESTA-MAJOR-1536x864.jpg 1536w, https:\/\/agora.xtec.cat\/zercepdesis\/wp-content\/uploads\/usu2412\/2021\/12\/FESTA-MAJOR.jpg 1920w\" sizes=\"auto, (max-width: 1024px) 100vw, 1024px\" \/><\/a><\/p>\n","protected":false},"excerpt":{"rendered":"<p>La setmana passada va ser la Festa Major de Puigd\u00e0lber.<br \/>\nTota l&#8217;escola vam gaudir d&#8217;una mostra dels diversos balls populars que participen a la Festa Major.<br \/>\nEls integrants dels corresponents balls ens van ensenyar quins s\u00f3n els elements que porten d&#8217;indument\u00e0ria i el seu vestuari.<br \/>\nEl primer dia&hellip;  <a href=\"https:\/\/agora.xtec.cat\/zercepdesis\/esc-viro\/la-festa-major\/\" title=\"Read LA FESTA MAJOR\">Llegeix m\u00e9s\u00bb<\/a><\/p>\n","protected":false},"author":1,"featured_media":0,"comment_status":"open","ping_status":"closed","sticky":false,"template":"","format":"standard","meta":{"_bbp_topic_count":0,"_bbp_reply_count":0,"_bbp_total_topic_count":0,"_bbp_total_reply_count":0,"_bbp_voice_count":0,"_bbp_anonymous_reply_count":0,"_bbp_topic_count_hidden":0,"_bbp_reply_count_hidden":0,"_bbp_forum_subforum_count":0,"footnotes":""},"categories":[199,136],"tags":[201],"class_list":["post-2361","post","type-post","status-publish","format-standard","hentry","category-curs-2021-2022-pu","category-esc-viro","tag-classe-de-les-caniques"],"post_mailing_queue_ids":[],"_links":{"self":[{"href":"https:\/\/agora.xtec.cat\/zercepdesis\/wp-json\/wp\/v2\/posts\/2361","targetHints":{"allow":["GET"]}}],"collection":[{"href":"https:\/\/agora.xtec.cat\/zercepdesis\/wp-json\/wp\/v2\/posts"}],"about":[{"href":"https:\/\/agora.xtec.cat\/zercepdesis\/wp-json\/wp\/v2\/types\/post"}],"author":[{"embeddable":true,"href":"https:\/\/agora.xtec.cat\/zercepdesis\/wp-json\/wp\/v2\/users\/1"}],"replies":[{"embeddable":true,"href":"https:\/\/agora.xtec.cat\/zercepdesis\/wp-json\/wp\/v2\/comments?post=2361"}],"version-history":[{"count":1,"href":"https:\/\/agora.xtec.cat\/zercepdesis\/wp-json\/wp\/v2\/posts\/2361\/revisions"}],"predecessor-version":[{"id":2363,"href":"https:\/\/agora.xtec.cat\/zercepdesis\/wp-json\/wp\/v2\/posts\/2361\/revisions\/2363"}],"wp:attachment":[{"href":"https:\/\/agora.xtec.cat\/zercepdesis\/wp-json\/wp\/v2\/media?parent=2361"}],"wp:term":[{"taxonomy":"category","embeddable":true,"href":"https:\/\/agora.xtec.cat\/zercepdesis\/wp-json\/wp\/v2\/categories?post=2361"},{"taxonomy":"post_tag","embeddable":true,"href":"https:\/\/agora.xtec.cat\/zercepdesis\/wp-json\/wp\/v2\/tags?post=2361"}],"curies":[{"name":"wp","href":"https:\/\/api.w.org\/{rel}","templated":true}]}}