{"id":2278,"date":"2021-10-18T17:51:57","date_gmt":"2021-10-18T15:51:57","guid":{"rendered":"https:\/\/agora.xtec.cat\/zercepdesis\/?p=2278"},"modified":"2021-10-18T17:51:57","modified_gmt":"2021-10-18T15:51:57","slug":"dia-internacional-del-pa","status":"publish","type":"post","link":"https:\/\/agora.xtec.cat\/zercepdesis\/esc-viro\/dia-internacional-del-pa\/","title":{"rendered":"DIA INTERNACIONAL DEL PA"},"content":{"rendered":"<p><span style=\"font-weight: 400;\">La classe\u00a0 dels\u00a0 Focs\u00a0 vam\u00a0 descobrir\u00a0 que\u00a0 el\u00a0 dia\u00a0 16\u00a0 d\u2019octubre\u00a0 de 2021\u00a0 se celebrava\u00a0 per\u00a0 primera\u00a0 vegada\u00a0 el Dia Internacional del\u00a0 Pa.<\/span><\/p>\n<p><a href=\"https:\/\/agora.xtec.cat\/zercepdesis\/wp-content\/uploads\/usu2412\/2021\/10\/2.jpg\"><img loading=\"lazy\" decoding=\"async\" class=\"wp-image-2279 aligncenter\" src=\"https:\/\/agora.xtec.cat\/zercepdesis\/wp-content\/uploads\/usu2412\/2021\/10\/2-1024x819.jpg\" alt=\"\" width=\"516\" height=\"413\" srcset=\"https:\/\/agora.xtec.cat\/zercepdesis\/wp-content\/uploads\/usu2412\/2021\/10\/2-1024x819.jpg 1024w, https:\/\/agora.xtec.cat\/zercepdesis\/wp-content\/uploads\/usu2412\/2021\/10\/2-300x240.jpg 300w, https:\/\/agora.xtec.cat\/zercepdesis\/wp-content\/uploads\/usu2412\/2021\/10\/2-768x614.jpg 768w, https:\/\/agora.xtec.cat\/zercepdesis\/wp-content\/uploads\/usu2412\/2021\/10\/2-1536x1229.jpg 1536w, https:\/\/agora.xtec.cat\/zercepdesis\/wp-content\/uploads\/usu2412\/2021\/10\/2.jpg 2000w\" sizes=\"auto, (max-width: 516px) 100vw, 516px\" \/><\/a><\/p>\n<p><span style=\"font-weight: 400;\">Aleshores va sortir la proposta de fer la nostra Diada del Pa a la classe.\u00a0\u00a0<\/span><\/p>\n<p><span style=\"font-weight: 400;\">Vam iniciar el treball anant a la fleca del poble i demanar la mesura d\u2019una barra de \u00bc de pa i tamb\u00e9 el preu.\u00a0<\/span><\/p>\n<p><span style=\"font-weight: 400;\">Amb tota aquesta informaci\u00f3 vam fer els nostres c\u00e0lculs de quantitat de llesques que\u00a0 pod\u00edem tallar\u00a0 amb una barra de pa, quantitat de pa que necessit\u00e0vem comprar i la quantitat d\u2019euros i c\u00e8ntims que hav\u00edem de preparar per poder comprar les barres de pa. (Tots vam tenir molta feina a fer c\u00e0lculs amb cubs multilink, cinta m\u00e8trica, reglets, monedes\u2026)<\/span><\/p>\n<p><span style=\"font-weight: 400;\">El divendres 15 d\u2019octubre vam anar a la fleca a comprar les barres. La Rosa ens va fer una gran sorpresa i ens va regalar un panet a cadasc\u00fa de nosaltres. MOLTES GR\u00c0CIES ROSA.<\/span><\/p>\n<p><span style=\"font-weight: 400;\">En retornar a la classe vam tallar les llesques de pa i vam anar fent els plats de cadasc\u00fa en funci\u00f3 de la demanda de llesques i guarnici\u00f3 que hav\u00edem escollit.\u00a0<\/span><\/p>\n<p><span style=\"font-weight: 400;\">Bon\u00a0 profit\u00a0 i bon PA<\/span><\/p>\n<p><a href=\"https:\/\/agora.xtec.cat\/zercepdesis\/wp-content\/uploads\/usu2412\/2021\/10\/1.jpg\"><img loading=\"lazy\" decoding=\"async\" class=\"alignnone size-large wp-image-2280\" src=\"https:\/\/agora.xtec.cat\/zercepdesis\/wp-content\/uploads\/usu2412\/2021\/10\/1-1024x819.jpg\" alt=\"\" width=\"1024\" height=\"819\" srcset=\"https:\/\/agora.xtec.cat\/zercepdesis\/wp-content\/uploads\/usu2412\/2021\/10\/1-1024x819.jpg 1024w, https:\/\/agora.xtec.cat\/zercepdesis\/wp-content\/uploads\/usu2412\/2021\/10\/1-300x240.jpg 300w, https:\/\/agora.xtec.cat\/zercepdesis\/wp-content\/uploads\/usu2412\/2021\/10\/1-768x614.jpg 768w, https:\/\/agora.xtec.cat\/zercepdesis\/wp-content\/uploads\/usu2412\/2021\/10\/1-1536x1229.jpg 1536w, https:\/\/agora.xtec.cat\/zercepdesis\/wp-content\/uploads\/usu2412\/2021\/10\/1.jpg 2000w\" sizes=\"auto, (max-width: 1024px) 100vw, 1024px\" \/><\/a><\/p>\n","protected":false},"excerpt":{"rendered":"<p>La classe\u00a0 dels\u00a0 Focs\u00a0 vam\u00a0 descobrir\u00a0 que\u00a0 el\u00a0 dia\u00a0 16\u00a0 d\u2019octubre\u00a0 de 2021\u00a0 se celebrava\u00a0 per\u00a0 primera\u00a0 vegada\u00a0 el Dia Internacional del\u00a0 Pa.<br \/>\n<a href=\"https:\/\/agora.xtec.cat\/zercepdesis\/wp-content\/uploads\/usu2412\/2021\/10\/2.jpg\"><\/a><br \/>\nAleshores va sortir la proposta de fer la nostra Diada del Pa a la classe.\u00a0\u00a0<br \/>\nVam iniciar el treball anant a la fleca&hellip;  <a href=\"https:\/\/agora.xtec.cat\/zercepdesis\/esc-viro\/dia-internacional-del-pa\/\" title=\"Read DIA INTERNACIONAL DEL PA\">Llegeix m\u00e9s\u00bb<\/a><\/p>\n","protected":false},"author":1,"featured_media":0,"comment_status":"open","ping_status":"closed","sticky":false,"template":"","format":"standard","meta":{"_bbp_topic_count":0,"_bbp_reply_count":0,"_bbp_total_topic_count":0,"_bbp_total_reply_count":0,"_bbp_voice_count":0,"_bbp_anonymous_reply_count":0,"_bbp_topic_count_hidden":0,"_bbp_reply_count_hidden":0,"_bbp_forum_subforum_count":0,"footnotes":""},"categories":[199,136],"tags":[202],"class_list":["post-2278","post","type-post","status-publish","format-standard","hentry","category-curs-2021-2022-pu","category-esc-viro","tag-classe-del-foc"],"post_mailing_queue_ids":[],"_links":{"self":[{"href":"https:\/\/agora.xtec.cat\/zercepdesis\/wp-json\/wp\/v2\/posts\/2278","targetHints":{"allow":["GET"]}}],"collection":[{"href":"https:\/\/agora.xtec.cat\/zercepdesis\/wp-json\/wp\/v2\/posts"}],"about":[{"href":"https:\/\/agora.xtec.cat\/zercepdesis\/wp-json\/wp\/v2\/types\/post"}],"author":[{"embeddable":true,"href":"https:\/\/agora.xtec.cat\/zercepdesis\/wp-json\/wp\/v2\/users\/1"}],"replies":[{"embeddable":true,"href":"https:\/\/agora.xtec.cat\/zercepdesis\/wp-json\/wp\/v2\/comments?post=2278"}],"version-history":[{"count":1,"href":"https:\/\/agora.xtec.cat\/zercepdesis\/wp-json\/wp\/v2\/posts\/2278\/revisions"}],"predecessor-version":[{"id":2281,"href":"https:\/\/agora.xtec.cat\/zercepdesis\/wp-json\/wp\/v2\/posts\/2278\/revisions\/2281"}],"wp:attachment":[{"href":"https:\/\/agora.xtec.cat\/zercepdesis\/wp-json\/wp\/v2\/media?parent=2278"}],"wp:term":[{"taxonomy":"category","embeddable":true,"href":"https:\/\/agora.xtec.cat\/zercepdesis\/wp-json\/wp\/v2\/categories?post=2278"},{"taxonomy":"post_tag","embeddable":true,"href":"https:\/\/agora.xtec.cat\/zercepdesis\/wp-json\/wp\/v2\/tags?post=2278"}],"curies":[{"name":"wp","href":"https:\/\/api.w.org\/{rel}","templated":true}]}}