{"id":2266,"date":"2021-10-04T22:20:07","date_gmt":"2021-10-04T20:20:07","guid":{"rendered":"https:\/\/agora.xtec.cat\/zercepdesis\/?p=2266"},"modified":"2021-10-04T22:20:07","modified_gmt":"2021-10-04T20:20:07","slug":"les-caniques","status":"publish","type":"post","link":"https:\/\/agora.xtec.cat\/zercepdesis\/esc-viro\/les-caniques\/","title":{"rendered":"LES CANIQUES"},"content":{"rendered":"<p class=\"_04xlpA direction-ltr align-start para-style-body\"><span class=\"JsGRdQ\">El nom de la classe, com cada curs, parteix del centre d&#8217;inter\u00e8s de la ZER.<\/span><\/p>\n<p class=\"_04xlpA direction-ltr align-start para-style-body\"><span class=\"JsGRdQ\">Enguany \u00e9s&#8230;<\/span><span class=\"JsGRdQ\">EL VIDRE. <\/span><span class=\"JsGRdQ\">Hem escollit aquest centre d&#8217;inter\u00e8s, ja que la ONU declara que el 2022 ser\u00e0 l&#8217;any Internacional del vidre. Al llarg del curs treballarem aspectes relacionats amb la transformaci\u00f3 de vidre, per a qu\u00e8 serveix el vidre, on podem trobar el vidre, de qu\u00e8 est\u00e0 format&#8230; Viurem diferents experi\u00e8ncies respecte aquest centre d&#8217;inter\u00e8s.<\/span><\/p>\n<p>Els infants m\u00e9s petits de l&#8217;escola,tenien un gran repte que era escollir el nom de la seva classe. Per poder fer una pluja d&#8217;idees d&#8217;aspectes relacionats amb el vidre va<span class=\"JsGRdQ\"> arribar a l&#8217;escola una caixa misteriosa. Eren un conjunt d&#8217;objectes dels quals\u00a0<\/span><span class=\"JsGRdQ\">vam fer una classificaci\u00f3 segons els materials i a continuaci\u00f3 vam fer una posada en com\u00fa de manera individual de quin nom ens agradaria dir-nos com a grup classe.<\/span><\/p>\n<p>Sabeu quin nom hem triat? La classe de les CANIQUES. Ja hem comen\u00e7at a experimentar amb les caniques, ho voleu veure?<\/p>\n<p><a href=\"https:\/\/agora.xtec.cat\/zercepdesis\/wp-content\/uploads\/usu2412\/2021\/10\/DOCUMENTACIO-CANIQUES.png\"><img loading=\"lazy\" decoding=\"async\" class=\"alignnone size-large wp-image-2270\" src=\"https:\/\/agora.xtec.cat\/zercepdesis\/wp-content\/uploads\/usu2412\/2021\/10\/DOCUMENTACIO-CANIQUES-1024x576.png\" alt=\"\" width=\"1024\" height=\"576\" srcset=\"https:\/\/agora.xtec.cat\/zercepdesis\/wp-content\/uploads\/usu2412\/2021\/10\/DOCUMENTACIO-CANIQUES-1024x576.png 1024w, https:\/\/agora.xtec.cat\/zercepdesis\/wp-content\/uploads\/usu2412\/2021\/10\/DOCUMENTACIO-CANIQUES-300x169.png 300w, https:\/\/agora.xtec.cat\/zercepdesis\/wp-content\/uploads\/usu2412\/2021\/10\/DOCUMENTACIO-CANIQUES-768x432.png 768w, https:\/\/agora.xtec.cat\/zercepdesis\/wp-content\/uploads\/usu2412\/2021\/10\/DOCUMENTACIO-CANIQUES-1536x864.png 1536w, https:\/\/agora.xtec.cat\/zercepdesis\/wp-content\/uploads\/usu2412\/2021\/10\/DOCUMENTACIO-CANIQUES.png 1920w\" sizes=\"auto, (max-width: 1024px) 100vw, 1024px\" \/><\/a><\/p>\n<p><a href=\"https:\/\/agora.xtec.cat\/zercepdesis\/wp-content\/uploads\/usu2412\/2021\/10\/6.jpg\"><img loading=\"lazy\" decoding=\"async\" class=\"alignnone size-large wp-image-2268\" src=\"https:\/\/agora.xtec.cat\/zercepdesis\/wp-content\/uploads\/usu2412\/2021\/10\/6-1024x576.jpg\" alt=\"\" width=\"1024\" height=\"576\" srcset=\"https:\/\/agora.xtec.cat\/zercepdesis\/wp-content\/uploads\/usu2412\/2021\/10\/6-1024x576.jpg 1024w, https:\/\/agora.xtec.cat\/zercepdesis\/wp-content\/uploads\/usu2412\/2021\/10\/6-300x169.jpg 300w, https:\/\/agora.xtec.cat\/zercepdesis\/wp-content\/uploads\/usu2412\/2021\/10\/6-768x432.jpg 768w, https:\/\/agora.xtec.cat\/zercepdesis\/wp-content\/uploads\/usu2412\/2021\/10\/6-1536x864.jpg 1536w, https:\/\/agora.xtec.cat\/zercepdesis\/wp-content\/uploads\/usu2412\/2021\/10\/6.jpg 1920w\" sizes=\"auto, (max-width: 1024px) 100vw, 1024px\" \/><\/a><\/p>\n<p>&nbsp;<\/p>\n","protected":false},"excerpt":{"rendered":"<p>El nom de la classe, com cada curs, parteix del centre d&#8217;inter\u00e8s de la ZER.<br \/>\nEnguany \u00e9s&#8230;EL VIDRE. Hem escollit aquest centre d&#8217;inter\u00e8s, ja que la ONU declara que el 2022 ser\u00e0 l&#8217;any Internacional del vidre. Al llarg del curs treballarem aspectes relacionats amb la transformaci\u00f3&hellip;  <a href=\"https:\/\/agora.xtec.cat\/zercepdesis\/esc-viro\/les-caniques\/\" title=\"Read LES CANIQUES\">Llegeix m\u00e9s\u00bb<\/a><\/p>\n","protected":false},"author":1,"featured_media":0,"comment_status":"open","ping_status":"closed","sticky":false,"template":"","format":"standard","meta":{"_bbp_topic_count":0,"_bbp_reply_count":0,"_bbp_total_topic_count":0,"_bbp_total_reply_count":0,"_bbp_voice_count":0,"_bbp_anonymous_reply_count":0,"_bbp_topic_count_hidden":0,"_bbp_reply_count_hidden":0,"_bbp_forum_subforum_count":0,"footnotes":""},"categories":[199,136],"tags":[201],"class_list":["post-2266","post","type-post","status-publish","format-standard","hentry","category-curs-2021-2022-pu","category-esc-viro","tag-classe-de-les-caniques"],"post_mailing_queue_ids":[],"_links":{"self":[{"href":"https:\/\/agora.xtec.cat\/zercepdesis\/wp-json\/wp\/v2\/posts\/2266","targetHints":{"allow":["GET"]}}],"collection":[{"href":"https:\/\/agora.xtec.cat\/zercepdesis\/wp-json\/wp\/v2\/posts"}],"about":[{"href":"https:\/\/agora.xtec.cat\/zercepdesis\/wp-json\/wp\/v2\/types\/post"}],"author":[{"embeddable":true,"href":"https:\/\/agora.xtec.cat\/zercepdesis\/wp-json\/wp\/v2\/users\/1"}],"replies":[{"embeddable":true,"href":"https:\/\/agora.xtec.cat\/zercepdesis\/wp-json\/wp\/v2\/comments?post=2266"}],"version-history":[{"count":2,"href":"https:\/\/agora.xtec.cat\/zercepdesis\/wp-json\/wp\/v2\/posts\/2266\/revisions"}],"predecessor-version":[{"id":2271,"href":"https:\/\/agora.xtec.cat\/zercepdesis\/wp-json\/wp\/v2\/posts\/2266\/revisions\/2271"}],"wp:attachment":[{"href":"https:\/\/agora.xtec.cat\/zercepdesis\/wp-json\/wp\/v2\/media?parent=2266"}],"wp:term":[{"taxonomy":"category","embeddable":true,"href":"https:\/\/agora.xtec.cat\/zercepdesis\/wp-json\/wp\/v2\/categories?post=2266"},{"taxonomy":"post_tag","embeddable":true,"href":"https:\/\/agora.xtec.cat\/zercepdesis\/wp-json\/wp\/v2\/tags?post=2266"}],"curies":[{"name":"wp","href":"https:\/\/api.w.org\/{rel}","templated":true}]}}