{"id":2196,"date":"2021-05-24T14:45:09","date_gmt":"2021-05-24T12:45:09","guid":{"rendered":"https:\/\/agora.xtec.cat\/zercepdesis\/?p=2196"},"modified":"2021-05-24T14:45:57","modified_gmt":"2021-05-24T12:45:57","slug":"sortida-al-jardi-dels-ocells","status":"publish","type":"post","link":"https:\/\/agora.xtec.cat\/zercepdesis\/esc-viro\/sortida-al-jardi-dels-ocells\/","title":{"rendered":"SORTIDA AL JARD\u00cd DELS OCELLS"},"content":{"rendered":"<p>Dimecres de la setmana passada, la classe de les Orenetes i la dels Esquirols van fer una sortida molt interessant, van visitar el Jard\u00ed dels Ocells.<\/p>\n<p>Dins d&#8217;aquest recinte pots trobar fins a 150 varietats d&#8217;ocells d&#8217;arreu de m\u00f3n. Va ser un viatge apassionant ja que vam veure ocells de molts colors, formes i algun que ens va agradar molt. Tamb\u00e9 vam aprendre que en aquesta \u00e8poca de l&#8217;any estan constru\u00efnt el seu niu i per tant necessiten calma i tranquilitat, vam aprendre a respectar-los i mantenir el silenci a prop de les g\u00e0bies.<\/p>\n<p>Quan vam acabar la ruta dels ocells, vam descobrir un bosc on hi havia un conjunt d&#8217;animals amagats, els vam trobar tots!!<\/p>\n<p>Ens vam convertir en uns veritables exploradors i exploradores i vam aprendre molt\u00edssim!<\/p>\n<p>Us deixem amb unes quantes fotografies d&#8217;ocells que ens van agradar molt!!<\/p>\n<p style=\"text-align: center;\"><a href=\"https:\/\/agora.xtec.cat\/zercepdesis\/wp-content\/uploads\/usu2412\/2021\/05\/Copia-de-VISITA-EL-JARDI-DELS-OCELLS.jpg\"><img loading=\"lazy\" decoding=\"async\" class=\"alignnone size-large wp-image-2198\" src=\"https:\/\/agora.xtec.cat\/zercepdesis\/wp-content\/uploads\/usu2412\/2021\/05\/Copia-de-VISITA-EL-JARDI-DELS-OCELLS-1024x724.jpg\" alt=\"\" width=\"1024\" height=\"724\" srcset=\"https:\/\/agora.xtec.cat\/zercepdesis\/wp-content\/uploads\/usu2412\/2021\/05\/Copia-de-VISITA-EL-JARDI-DELS-OCELLS-1024x724.jpg 1024w, https:\/\/agora.xtec.cat\/zercepdesis\/wp-content\/uploads\/usu2412\/2021\/05\/Copia-de-VISITA-EL-JARDI-DELS-OCELLS-300x212.jpg 300w, https:\/\/agora.xtec.cat\/zercepdesis\/wp-content\/uploads\/usu2412\/2021\/05\/Copia-de-VISITA-EL-JARDI-DELS-OCELLS-768x543.jpg 768w\" sizes=\"auto, (max-width: 1024px) 100vw, 1024px\" \/><\/a><\/p>\n<p>&nbsp;<\/p>\n<p style=\"text-align: right;\">Classe Orenetes i Esquirols<\/p>\n","protected":false},"excerpt":{"rendered":"<p>Dimecres de la setmana passada, la classe de les Orenetes i la dels Esquirols van fer una sortida molt interessant, van visitar el Jard\u00ed dels Ocells.<br \/>\nDins d&#8217;aquest recinte pots trobar fins a 150 varietats d&#8217;ocells d&#8217;arreu de m\u00f3n. Va ser un viatge apassionant ja que&hellip;  <a href=\"https:\/\/agora.xtec.cat\/zercepdesis\/esc-viro\/sortida-al-jardi-dels-ocells\/\" title=\"Read SORTIDA AL JARD\u00cd DELS OCELLS\">Llegeix m\u00e9s\u00bb<\/a><\/p>\n","protected":false},"author":1,"featured_media":0,"comment_status":"open","ping_status":"closed","sticky":false,"template":"","format":"standard","meta":{"_bbp_topic_count":0,"_bbp_reply_count":0,"_bbp_total_topic_count":0,"_bbp_total_reply_count":0,"_bbp_voice_count":0,"_bbp_anonymous_reply_count":0,"_bbp_topic_count_hidden":0,"_bbp_reply_count_hidden":0,"_bbp_forum_subforum_count":0,"footnotes":""},"categories":[153,136],"tags":[178,179],"class_list":["post-2196","post","type-post","status-publish","format-standard","hentry","category-curs-20-21","category-esc-viro","tag-classe-de-les-orenetes","tag-classe-dels-esquirols"],"post_mailing_queue_ids":[],"_links":{"self":[{"href":"https:\/\/agora.xtec.cat\/zercepdesis\/wp-json\/wp\/v2\/posts\/2196","targetHints":{"allow":["GET"]}}],"collection":[{"href":"https:\/\/agora.xtec.cat\/zercepdesis\/wp-json\/wp\/v2\/posts"}],"about":[{"href":"https:\/\/agora.xtec.cat\/zercepdesis\/wp-json\/wp\/v2\/types\/post"}],"author":[{"embeddable":true,"href":"https:\/\/agora.xtec.cat\/zercepdesis\/wp-json\/wp\/v2\/users\/1"}],"replies":[{"embeddable":true,"href":"https:\/\/agora.xtec.cat\/zercepdesis\/wp-json\/wp\/v2\/comments?post=2196"}],"version-history":[{"count":1,"href":"https:\/\/agora.xtec.cat\/zercepdesis\/wp-json\/wp\/v2\/posts\/2196\/revisions"}],"predecessor-version":[{"id":2199,"href":"https:\/\/agora.xtec.cat\/zercepdesis\/wp-json\/wp\/v2\/posts\/2196\/revisions\/2199"}],"wp:attachment":[{"href":"https:\/\/agora.xtec.cat\/zercepdesis\/wp-json\/wp\/v2\/media?parent=2196"}],"wp:term":[{"taxonomy":"category","embeddable":true,"href":"https:\/\/agora.xtec.cat\/zercepdesis\/wp-json\/wp\/v2\/categories?post=2196"},{"taxonomy":"post_tag","embeddable":true,"href":"https:\/\/agora.xtec.cat\/zercepdesis\/wp-json\/wp\/v2\/tags?post=2196"}],"curies":[{"name":"wp","href":"https:\/\/api.w.org\/{rel}","templated":true}]}}