{"id":2172,"date":"2021-05-18T10:40:56","date_gmt":"2021-05-18T08:40:56","guid":{"rendered":"https:\/\/agora.xtec.cat\/zercepdesis\/?p=2172"},"modified":"2021-05-18T10:40:56","modified_gmt":"2021-05-18T08:40:56","slug":"taller-mancomunitat-sobre-el-reciclatge","status":"publish","type":"post","link":"https:\/\/agora.xtec.cat\/zercepdesis\/esc-viro\/taller-mancomunitat-sobre-el-reciclatge\/","title":{"rendered":"TALLER MANCOMUNITAT SOBRE EL RECICLATGE"},"content":{"rendered":"<p>El dia 14 de maig, va venir l\u2019Anna, a fer-nos un taller de la Mancomunitat sobre el reciclatge a la classe dels Esquirols, Conills i dels Ratpenats.<\/p>\n<p>Vam aprendre com es deien les diferents brosses i per a qu\u00e8 servien: paper, envasos, rebuig, org\u00e0nica, vidre i resta.<\/p>\n<p>Ens va donar una deixalla diferent per cada parella perqu\u00e8 l\u2019enterr\u00e9ssim amb terra dins de mitja ampolla de pl\u00e0stic i que la regu\u00e9ssim i escriv\u00edssim una hip\u00f2tesi sobre el qu\u00e8 creiem que passaria.<\/p>\n<p>Dues setmanes m\u00e9s tard, van venir uns educadors de la Mancomunitat per veure qu\u00e8 havia passat. Primer vam llegir les hip\u00f2tesis que hav\u00edem escrit i despr\u00e9s vam comprovar qu\u00e8 havia passat realment.<\/p>\n<p>Ens vam adonar que les deixalles vegetals com una fulla d\u2019enciam i magn\u00f2lia, la flor d\u2019una buguenv\u00edl.lea i la pell d\u2019un pl\u00e0tan gaireb\u00e9 s\u2019havien descompost del tot i ja no les pod\u00edem recon\u00e8ixer tal com eren 15 dies abans.<\/p>\n<p>Aquest tipus de deixalles cal llen\u00e7ar-les al contenidor d\u2019org\u00e0nic, perqu\u00e8 es transforma en adob per la terra.<\/p>\n<p>En canvi les deixalles de pl\u00e0stic com els taps d\u2019ampolla no havien canviat gens.<br \/>\nEls envasos de pl\u00e0stic cal llen\u00e7ar-los al contenidor groc, perqu\u00e8 d\u2019all\u00e0 els porten a f\u00e0briques que els transformen amb roba, cal\u00e7at i fins i tot mobles.<\/p>\n<p>El vidre, si el llencem al contenidor verd, el tornen a transformar en nous envasos i ampolles de vidre i el paper si el llencem al blau tamb\u00e9 pot tornar-se a transformar en paper reciclat per fer fulls, revistes i bosses.<\/p>\n<p>Vam veure que tot el que no es podia reciclar, anava a la brossa de resta, com un clip de ferro. Tot el que llencem a la resta no es pot transformar en res i va a parar a una planta de triatge i despr\u00e9s a un abocador. Els abocadors contaminen molt la terra i arriben a l\u2019aigua.<\/p>\n<p>Vam entendre que \u00e9s molt important reciclar, si us plau, recicleu sempre o reutilitzeu abans de llen\u00e7ar, farem que el nostre planeta estigui m\u00e9s sa i bonic.<\/p>\n<p><a href=\"https:\/\/agora.xtec.cat\/zercepdesis\/wp-content\/uploads\/usu2412\/2021\/05\/Copia-de-Dise\u00f1o-sin-t\u00edtulo.jpg\"><img loading=\"lazy\" decoding=\"async\" class=\"wp-image-2173 aligncenter\" src=\"https:\/\/agora.xtec.cat\/zercepdesis\/wp-content\/uploads\/usu2412\/2021\/05\/Copia-de-Dise\u00f1o-sin-t\u00edtulo-1024x724.jpg\" alt=\"\" width=\"741\" height=\"524\" srcset=\"https:\/\/agora.xtec.cat\/zercepdesis\/wp-content\/uploads\/usu2412\/2021\/05\/Copia-de-Dise\u00f1o-sin-t\u00edtulo-1024x724.jpg 1024w, https:\/\/agora.xtec.cat\/zercepdesis\/wp-content\/uploads\/usu2412\/2021\/05\/Copia-de-Dise\u00f1o-sin-t\u00edtulo-300x212.jpg 300w, https:\/\/agora.xtec.cat\/zercepdesis\/wp-content\/uploads\/usu2412\/2021\/05\/Copia-de-Dise\u00f1o-sin-t\u00edtulo-768x543.jpg 768w\" sizes=\"auto, (max-width: 741px) 100vw, 741px\" \/><\/a><\/p>\n","protected":false},"excerpt":{"rendered":"<p>El dia 14 de maig, va venir l\u2019Anna, a fer-nos un taller de la Mancomunitat sobre el reciclatge a la classe dels Esquirols, Conills i dels Ratpenats.<br \/>\nVam aprendre com es deien les diferents brosses i per a qu\u00e8 servien: paper, envasos, rebuig, org\u00e0nica, vidre i&hellip;  <a href=\"https:\/\/agora.xtec.cat\/zercepdesis\/esc-viro\/taller-mancomunitat-sobre-el-reciclatge\/\" title=\"Read TALLER MANCOMUNITAT SOBRE EL RECICLATGE\">Llegeix m\u00e9s\u00bb<\/a><\/p>\n","protected":false},"author":1,"featured_media":0,"comment_status":"open","ping_status":"closed","sticky":false,"template":"","format":"standard","meta":{"_bbp_topic_count":0,"_bbp_reply_count":0,"_bbp_total_topic_count":0,"_bbp_total_reply_count":0,"_bbp_voice_count":0,"_bbp_anonymous_reply_count":0,"_bbp_topic_count_hidden":0,"_bbp_reply_count_hidden":0,"_bbp_forum_subforum_count":0,"footnotes":""},"categories":[153,136],"tags":[178,179,181],"class_list":["post-2172","post","type-post","status-publish","format-standard","hentry","category-curs-20-21","category-esc-viro","tag-classe-de-les-orenetes","tag-classe-dels-esquirols","tag-classe-dels-ratpenats"],"post_mailing_queue_ids":[],"_links":{"self":[{"href":"https:\/\/agora.xtec.cat\/zercepdesis\/wp-json\/wp\/v2\/posts\/2172","targetHints":{"allow":["GET"]}}],"collection":[{"href":"https:\/\/agora.xtec.cat\/zercepdesis\/wp-json\/wp\/v2\/posts"}],"about":[{"href":"https:\/\/agora.xtec.cat\/zercepdesis\/wp-json\/wp\/v2\/types\/post"}],"author":[{"embeddable":true,"href":"https:\/\/agora.xtec.cat\/zercepdesis\/wp-json\/wp\/v2\/users\/1"}],"replies":[{"embeddable":true,"href":"https:\/\/agora.xtec.cat\/zercepdesis\/wp-json\/wp\/v2\/comments?post=2172"}],"version-history":[{"count":1,"href":"https:\/\/agora.xtec.cat\/zercepdesis\/wp-json\/wp\/v2\/posts\/2172\/revisions"}],"predecessor-version":[{"id":2174,"href":"https:\/\/agora.xtec.cat\/zercepdesis\/wp-json\/wp\/v2\/posts\/2172\/revisions\/2174"}],"wp:attachment":[{"href":"https:\/\/agora.xtec.cat\/zercepdesis\/wp-json\/wp\/v2\/media?parent=2172"}],"wp:term":[{"taxonomy":"category","embeddable":true,"href":"https:\/\/agora.xtec.cat\/zercepdesis\/wp-json\/wp\/v2\/categories?post=2172"},{"taxonomy":"post_tag","embeddable":true,"href":"https:\/\/agora.xtec.cat\/zercepdesis\/wp-json\/wp\/v2\/tags?post=2172"}],"curies":[{"name":"wp","href":"https:\/\/api.w.org\/{rel}","templated":true}]}}