{"id":2077,"date":"2021-05-11T10:35:21","date_gmt":"2021-05-11T08:35:21","guid":{"rendered":"https:\/\/agora.xtec.cat\/zercepdesis\/?p=2077"},"modified":"2021-05-11T10:36:25","modified_gmt":"2021-05-11T08:36:25","slug":"el-nostre-hort-2","status":"publish","type":"post","link":"https:\/\/agora.xtec.cat\/zercepdesis\/esc-viro\/el-nostre-hort-2\/","title":{"rendered":"EL NOSTRE HORT"},"content":{"rendered":"<p><span style=\"font-weight: 400;\">El divendres 7 de maig la classe dels Conills vam anar a l\u2019hort de l\u2019escola. All\u00e0 vam posar unes canyes a les mongeteres i tomaqueres que vam plantar fa unes setmanes. Ens vam adonar que la tija de la mongeteres com tamb\u00e9 de les tomaqueres necessitaven algun element perqu\u00e8 es poguessin emparrar per a cr\u00e9ixer millor i d\u2019aquesta manera no es trenquessin.\u00a0<\/span><\/p>\n<p><span style=\"font-weight: 400;\">Vam fer una estructura en forma de tipi i ho vam lligar amb una corda perqu\u00e8 no s\u2019ho emporti el vent.<\/span><\/p>\n<p><span style=\"font-weight: 400;\">Voleu veure el resultat?<\/span><\/p>\n<p><a href=\"https:\/\/agora.xtec.cat\/zercepdesis\/wp-content\/uploads\/usu2412\/2021\/05\/Dise\u00f1o-sin-t\u00edtulo.jpg\"><img loading=\"lazy\" decoding=\"async\" class=\"wp-image-2078 aligncenter\" src=\"https:\/\/agora.xtec.cat\/zercepdesis\/wp-content\/uploads\/usu2412\/2021\/05\/Dise\u00f1o-sin-t\u00edtulo-1024x724.jpg\" alt=\"\" width=\"745\" height=\"527\" srcset=\"https:\/\/agora.xtec.cat\/zercepdesis\/wp-content\/uploads\/usu2412\/2021\/05\/Dise\u00f1o-sin-t\u00edtulo-1024x724.jpg 1024w, https:\/\/agora.xtec.cat\/zercepdesis\/wp-content\/uploads\/usu2412\/2021\/05\/Dise\u00f1o-sin-t\u00edtulo-300x212.jpg 300w, https:\/\/agora.xtec.cat\/zercepdesis\/wp-content\/uploads\/usu2412\/2021\/05\/Dise\u00f1o-sin-t\u00edtulo-768x543.jpg 768w\" sizes=\"auto, (max-width: 745px) 100vw, 745px\" \/><\/a><\/p>\n","protected":false},"excerpt":{"rendered":"<p>El divendres 7 de maig la classe dels Conills vam anar a l\u2019hort de l\u2019escola. All\u00e0 vam posar unes canyes a les mongeteres i tomaqueres que vam plantar fa unes setmanes. Ens vam adonar que la tija de la mongeteres com tamb\u00e9 de les tomaqueres&hellip;  <a href=\"https:\/\/agora.xtec.cat\/zercepdesis\/esc-viro\/el-nostre-hort-2\/\" title=\"Read EL NOSTRE HORT\">Llegeix m\u00e9s\u00bb<\/a><\/p>\n","protected":false},"author":1,"featured_media":0,"comment_status":"open","ping_status":"closed","sticky":false,"template":"","format":"standard","meta":{"_bbp_topic_count":0,"_bbp_reply_count":0,"_bbp_total_topic_count":0,"_bbp_total_reply_count":0,"_bbp_voice_count":0,"_bbp_anonymous_reply_count":0,"_bbp_topic_count_hidden":0,"_bbp_reply_count_hidden":0,"_bbp_forum_subforum_count":0,"footnotes":""},"categories":[153,136],"tags":[180],"class_list":["post-2077","post","type-post","status-publish","format-standard","hentry","category-curs-20-21","category-esc-viro","tag-classe-dels-conills"],"post_mailing_queue_ids":[],"_links":{"self":[{"href":"https:\/\/agora.xtec.cat\/zercepdesis\/wp-json\/wp\/v2\/posts\/2077","targetHints":{"allow":["GET"]}}],"collection":[{"href":"https:\/\/agora.xtec.cat\/zercepdesis\/wp-json\/wp\/v2\/posts"}],"about":[{"href":"https:\/\/agora.xtec.cat\/zercepdesis\/wp-json\/wp\/v2\/types\/post"}],"author":[{"embeddable":true,"href":"https:\/\/agora.xtec.cat\/zercepdesis\/wp-json\/wp\/v2\/users\/1"}],"replies":[{"embeddable":true,"href":"https:\/\/agora.xtec.cat\/zercepdesis\/wp-json\/wp\/v2\/comments?post=2077"}],"version-history":[{"count":1,"href":"https:\/\/agora.xtec.cat\/zercepdesis\/wp-json\/wp\/v2\/posts\/2077\/revisions"}],"predecessor-version":[{"id":2079,"href":"https:\/\/agora.xtec.cat\/zercepdesis\/wp-json\/wp\/v2\/posts\/2077\/revisions\/2079"}],"wp:attachment":[{"href":"https:\/\/agora.xtec.cat\/zercepdesis\/wp-json\/wp\/v2\/media?parent=2077"}],"wp:term":[{"taxonomy":"category","embeddable":true,"href":"https:\/\/agora.xtec.cat\/zercepdesis\/wp-json\/wp\/v2\/categories?post=2077"},{"taxonomy":"post_tag","embeddable":true,"href":"https:\/\/agora.xtec.cat\/zercepdesis\/wp-json\/wp\/v2\/tags?post=2077"}],"curies":[{"name":"wp","href":"https:\/\/api.w.org\/{rel}","templated":true}]}}