{"id":2043,"date":"2021-05-04T07:44:30","date_gmt":"2021-05-04T05:44:30","guid":{"rendered":"https:\/\/agora.xtec.cat\/zercepdesis\/?p=2043"},"modified":"2021-05-04T07:44:30","modified_gmt":"2021-05-04T05:44:30","slug":"els-canyissos","status":"publish","type":"post","link":"https:\/\/agora.xtec.cat\/zercepdesis\/esc-viro\/els-canyissos\/","title":{"rendered":"ELS CANYISSOS"},"content":{"rendered":"<p><span style=\"font-weight: 400;\">La setmana passada tots els grups de l\u2019Escola vam visitar l\u2019empresa de Canyissos Vall\u00e8s.\u00a0<\/span><\/p>\n<p><span style=\"font-weight: 400;\">A partir d\u2019aquesta, vam continuar aprenent qu\u00e8 passava amb les canyes despr\u00e9s recollir i pelar-les al riu, com tamb\u00e9 vam aprendre quin s\u00f3n els processos que es duen a terme per a poder obtenir el producte final.\u00a0<\/span><\/p>\n<p><span style=\"font-weight: 400;\">Vam observar tres passos:<\/span><\/p>\n<p><span style=\"font-weight: 400;\">El primer es l&#8217;assecat de la canya. S\u2019assequen en unes pir\u00e0mides fetes de diferents feixos de canyes i es deixa un passad\u00eds al mig perqu\u00e8 circuli l\u2019aire perqu\u00e8 les canyes de sota tamb\u00e9 s\u2019assequin. Vam tenir la sort de passar pel mig i poder observar els diferents canvis de color que pateixen les canyes a mesura que es van assecant.\u00a0<\/span><\/p>\n<p><span style=\"font-weight: 400;\">En segon lloc vam entrar a la f\u00e0brica. A dins d\u2019aquesta es treballen les canyes i el v\u00edmet. Vam veure com les tallaven totes a la mateixa mida i seguidament en 4 parts. I a m\u00e9s vam observar com les unien les unes a les altres.\u00a0<\/span><\/p>\n<p><span style=\"font-weight: 400;\">Per acabar vam tocar i observar diferents c\u00f2duls i pedres de diversos tipus.<\/span><\/p>\n<p><em><a href=\"https:\/\/agora.xtec.cat\/zercepdesis\/wp-content\/uploads\/usu2412\/2021\/05\/EXCURSI\u00d3-A-LENTORN-1.jpg\"><img loading=\"lazy\" decoding=\"async\" class=\"alignnone size-large wp-image-2044\" src=\"https:\/\/agora.xtec.cat\/zercepdesis\/wp-content\/uploads\/usu2412\/2021\/05\/EXCURSI\u00d3-A-LENTORN-1-1024x727.jpg\" alt=\"\" width=\"1024\" height=\"727\" srcset=\"https:\/\/agora.xtec.cat\/zercepdesis\/wp-content\/uploads\/usu2412\/2021\/05\/EXCURSI\u00d3-A-LENTORN-1-1024x727.jpg 1024w, https:\/\/agora.xtec.cat\/zercepdesis\/wp-content\/uploads\/usu2412\/2021\/05\/EXCURSI\u00d3-A-LENTORN-1-300x213.jpg 300w, https:\/\/agora.xtec.cat\/zercepdesis\/wp-content\/uploads\/usu2412\/2021\/05\/EXCURSI\u00d3-A-LENTORN-1-768x545.jpg 768w, https:\/\/agora.xtec.cat\/zercepdesis\/wp-content\/uploads\/usu2412\/2021\/05\/EXCURSI\u00d3-A-LENTORN-1.jpg 1747w\" sizes=\"auto, (max-width: 1024px) 100vw, 1024px\" \/><\/a><\/em><\/p>\n<p><span style=\"font-weight: 400;\">Ens ho vam passar molt b\u00e9 i alhora vam aprendre!<\/span><\/p>\n<p><em>\u00a0<\/em><\/p>\n<p><span style=\"font-weight: 400;\">Moltes gr\u00e0cies a l\u2019Empresa Canyissos Vall\u00e9s per obrir-nos les seves portes.<\/span><\/p>\n","protected":false},"excerpt":{"rendered":"<p>La setmana passada tots els grups de l\u2019Escola vam visitar l\u2019empresa de Canyissos Vall\u00e8s.\u00a0<br \/>\nA partir d\u2019aquesta, vam continuar aprenent qu\u00e8 passava amb les canyes despr\u00e9s recollir i pelar-les al riu, com tamb\u00e9 vam aprendre quin s\u00f3n els processos que es duen a terme per a&hellip;  <a href=\"https:\/\/agora.xtec.cat\/zercepdesis\/esc-viro\/els-canyissos\/\" title=\"Read ELS CANYISSOS\">Llegeix m\u00e9s\u00bb<\/a><\/p>\n","protected":false},"author":1,"featured_media":0,"comment_status":"open","ping_status":"closed","sticky":false,"template":"","format":"standard","meta":{"_bbp_topic_count":0,"_bbp_reply_count":0,"_bbp_total_topic_count":0,"_bbp_total_reply_count":0,"_bbp_voice_count":0,"_bbp_anonymous_reply_count":0,"_bbp_topic_count_hidden":0,"_bbp_reply_count_hidden":0,"_bbp_forum_subforum_count":0,"footnotes":""},"categories":[153,136],"tags":[182,178,180,179,181],"class_list":["post-2043","post","type-post","status-publish","format-standard","hentry","category-curs-20-21","category-esc-viro","tag-classe-de-les-dragones-i-dragons","tag-classe-de-les-orenetes","tag-classe-dels-conills","tag-classe-dels-esquirols","tag-classe-dels-ratpenats"],"post_mailing_queue_ids":[],"_links":{"self":[{"href":"https:\/\/agora.xtec.cat\/zercepdesis\/wp-json\/wp\/v2\/posts\/2043","targetHints":{"allow":["GET"]}}],"collection":[{"href":"https:\/\/agora.xtec.cat\/zercepdesis\/wp-json\/wp\/v2\/posts"}],"about":[{"href":"https:\/\/agora.xtec.cat\/zercepdesis\/wp-json\/wp\/v2\/types\/post"}],"author":[{"embeddable":true,"href":"https:\/\/agora.xtec.cat\/zercepdesis\/wp-json\/wp\/v2\/users\/1"}],"replies":[{"embeddable":true,"href":"https:\/\/agora.xtec.cat\/zercepdesis\/wp-json\/wp\/v2\/comments?post=2043"}],"version-history":[{"count":1,"href":"https:\/\/agora.xtec.cat\/zercepdesis\/wp-json\/wp\/v2\/posts\/2043\/revisions"}],"predecessor-version":[{"id":2045,"href":"https:\/\/agora.xtec.cat\/zercepdesis\/wp-json\/wp\/v2\/posts\/2043\/revisions\/2045"}],"wp:attachment":[{"href":"https:\/\/agora.xtec.cat\/zercepdesis\/wp-json\/wp\/v2\/media?parent=2043"}],"wp:term":[{"taxonomy":"category","embeddable":true,"href":"https:\/\/agora.xtec.cat\/zercepdesis\/wp-json\/wp\/v2\/categories?post=2043"},{"taxonomy":"post_tag","embeddable":true,"href":"https:\/\/agora.xtec.cat\/zercepdesis\/wp-json\/wp\/v2\/tags?post=2043"}],"curies":[{"name":"wp","href":"https:\/\/api.w.org\/{rel}","templated":true}]}}