{"id":1996,"date":"2021-04-28T08:16:02","date_gmt":"2021-04-28T06:16:02","guid":{"rendered":"https:\/\/agora.xtec.cat\/zercepdesis\/?p=1996"},"modified":"2021-04-28T08:16:02","modified_gmt":"2021-04-28T06:16:02","slug":"sortida-a-la-riera","status":"publish","type":"post","link":"https:\/\/agora.xtec.cat\/zercepdesis\/esc-viro\/sortida-a-la-riera\/","title":{"rendered":"SORTIDA A LA RIERA"},"content":{"rendered":"<p><span style=\"font-weight: 400;\">Aquest any a partir del centre d&#8217;inter\u00e8s de la ZER, estem aprofundint en la descoberta del nostre entorn, estem coneixent com \u00e9s el poble en que vivim, a m\u00e9s tamb\u00e9 aprenem moltes curiositats i elements que tenim al costat de casa i que potser abans no ens hav\u00edem fixat. <\/span><\/p>\n<p><span style=\"font-weight: 400;\">Hem pogut recollir totes aquestes evid\u00e8ncies i aprenentatges a trav\u00e9s de l&#8217;observaci\u00f3 i de la viv\u00e8ncia que ens aporta un coneixement compartit amb la resta d&#8217;iguals i adults. <\/span><\/p>\n<p><span style=\"font-weight: 400;\">Enguany una de les sortides compartides amb la ZER \u00e9s la visita a Canyissos Vall\u00e9s, <\/span><span>\u00e9s una empresa\u00a0<\/span>familiar amb l&#8217;experi\u00e8ncia de tres generacions en la manipulaci\u00f3 de la canya, el v\u00edmet i el bruc<span style=\"font-weight: 400;\">. Per aquest motiu per preparar la visita als Canyissos, a<\/span>bans de fer la visita a aquesta empresa, totes les classes de l&#8217;escola hem<span style=\"font-weight: 400;\"> anat a la Riera de Puigd\u00e0lber a investigar d\u2019on surten les canyes, tamb\u00e9 ens hem fixat en les seves arrels, la seva gran al\u00e7ada, com es pelen i tamb\u00e9 hem descobert que neixen en llocs humits com les rieres, barrancs, torrents&#8230; ja que \u00e9s una planta aqu\u00e0tica i necessita d&#8217;aquesta per poder viure i cr\u00e8ixer.\u00a0<\/span><\/p>\n<p><span style=\"font-weight: 400;\">La classe de les Orenetes hi van anar la setmana passada i van disfrutar molt de l\u2019entorn.<\/span><\/p>\n<p><a href=\"https:\/\/agora.xtec.cat\/zercepdesis\/wp-content\/uploads\/usu2412\/2021\/04\/EXCURSI\u00d3-A-LENTORN.jpg\"><img loading=\"lazy\" decoding=\"async\" class=\"wp-image-1997 aligncenter\" src=\"https:\/\/agora.xtec.cat\/zercepdesis\/wp-content\/uploads\/usu2412\/2021\/04\/EXCURSI\u00d3-A-LENTORN-1024x727.jpg\" alt=\"\" width=\"758\" height=\"538\" srcset=\"https:\/\/agora.xtec.cat\/zercepdesis\/wp-content\/uploads\/usu2412\/2021\/04\/EXCURSI\u00d3-A-LENTORN-1024x727.jpg 1024w, https:\/\/agora.xtec.cat\/zercepdesis\/wp-content\/uploads\/usu2412\/2021\/04\/EXCURSI\u00d3-A-LENTORN-300x213.jpg 300w, https:\/\/agora.xtec.cat\/zercepdesis\/wp-content\/uploads\/usu2412\/2021\/04\/EXCURSI\u00d3-A-LENTORN-768x545.jpg 768w, https:\/\/agora.xtec.cat\/zercepdesis\/wp-content\/uploads\/usu2412\/2021\/04\/EXCURSI\u00d3-A-LENTORN.jpg 1747w\" sizes=\"auto, (max-width: 758px) 100vw, 758px\" \/><\/a><\/p>\n<p>&nbsp;<\/p>\n","protected":false},"excerpt":{"rendered":"<p>Aquest any a partir del centre d&#8217;inter\u00e8s de la ZER, estem aprofundint en la descoberta del nostre entorn, estem coneixent com \u00e9s el poble en que vivim, a m\u00e9s tamb\u00e9 aprenem moltes curiositats i elements que tenim al costat de casa i que potser abans&hellip;  <a href=\"https:\/\/agora.xtec.cat\/zercepdesis\/esc-viro\/sortida-a-la-riera\/\" title=\"Read SORTIDA A LA RIERA\">Llegeix m\u00e9s\u00bb<\/a><\/p>\n","protected":false},"author":1,"featured_media":0,"comment_status":"open","ping_status":"closed","sticky":false,"template":"","format":"standard","meta":{"_bbp_topic_count":0,"_bbp_reply_count":0,"_bbp_total_topic_count":0,"_bbp_total_reply_count":0,"_bbp_voice_count":0,"_bbp_anonymous_reply_count":0,"_bbp_topic_count_hidden":0,"_bbp_reply_count_hidden":0,"_bbp_forum_subforum_count":0,"footnotes":""},"categories":[153,136],"tags":[178],"class_list":["post-1996","post","type-post","status-publish","format-standard","hentry","category-curs-20-21","category-esc-viro","tag-classe-de-les-orenetes"],"post_mailing_queue_ids":[],"_links":{"self":[{"href":"https:\/\/agora.xtec.cat\/zercepdesis\/wp-json\/wp\/v2\/posts\/1996","targetHints":{"allow":["GET"]}}],"collection":[{"href":"https:\/\/agora.xtec.cat\/zercepdesis\/wp-json\/wp\/v2\/posts"}],"about":[{"href":"https:\/\/agora.xtec.cat\/zercepdesis\/wp-json\/wp\/v2\/types\/post"}],"author":[{"embeddable":true,"href":"https:\/\/agora.xtec.cat\/zercepdesis\/wp-json\/wp\/v2\/users\/1"}],"replies":[{"embeddable":true,"href":"https:\/\/agora.xtec.cat\/zercepdesis\/wp-json\/wp\/v2\/comments?post=1996"}],"version-history":[{"count":1,"href":"https:\/\/agora.xtec.cat\/zercepdesis\/wp-json\/wp\/v2\/posts\/1996\/revisions"}],"predecessor-version":[{"id":1998,"href":"https:\/\/agora.xtec.cat\/zercepdesis\/wp-json\/wp\/v2\/posts\/1996\/revisions\/1998"}],"wp:attachment":[{"href":"https:\/\/agora.xtec.cat\/zercepdesis\/wp-json\/wp\/v2\/media?parent=1996"}],"wp:term":[{"taxonomy":"category","embeddable":true,"href":"https:\/\/agora.xtec.cat\/zercepdesis\/wp-json\/wp\/v2\/categories?post=1996"},{"taxonomy":"post_tag","embeddable":true,"href":"https:\/\/agora.xtec.cat\/zercepdesis\/wp-json\/wp\/v2\/tags?post=1996"}],"curies":[{"name":"wp","href":"https:\/\/api.w.org\/{rel}","templated":true}]}}