{"id":1985,"date":"2021-04-20T11:05:28","date_gmt":"2021-04-20T09:05:28","guid":{"rendered":"https:\/\/agora.xtec.cat\/zercepdesis\/?p=1985"},"modified":"2021-04-20T11:05:28","modified_gmt":"2021-04-20T09:05:28","slug":"una-data-especial-la-diada-de-sant-jordi","status":"publish","type":"post","link":"https:\/\/agora.xtec.cat\/zercepdesis\/esc-viro\/una-data-especial-la-diada-de-sant-jordi\/","title":{"rendered":"UNA DATA ESPECIAL, LA DIADA DE SANT JORDI"},"content":{"rendered":"<h4 style=\"text-align: center;\"><strong>S&#8217;acosta una data especial, la Diada de Sant Jordi.\u00a0<\/strong><\/h4>\n<p><img decoding=\"async\" class=\"aligncenter\" src=\"https:\/\/www.bdv.cat\/sites\/default\/files\/styles\/imatge_interior_node_custom_small_x2\/public\/common\/Cultura\/imatge_st_jordi_21.jpg?itok=IG_kLu3j&amp;timestamp=1617054390\" alt=\"Diada de Sant Jordi 2021 adaptada a la COVID-19 | Ayuntamiento de Barber\u00e1  del Vall\u00e9s\" \/><\/p>\n<p>El 23 d&#8217;Abril es commemora i celebrem la Diada de Sant Jordi.<\/p>\n<p>L\u2019any passat vam celebrar aquesta festa d\u2019una manera molt diferent. Enguany podem remprendre la tradicci\u00f3 de muntar paradeta a la pla\u00e7a de l&#8217;Ajuntament del nostre poble, organitzada per l\u2019AFA de l\u2019escola. No nom\u00e9s tindrem una parada plena de llibres, per triar, remenar i escollir sin\u00f3 que tamb\u00e9 oferirem unes magn\u00edfiques manualitats, relacionades amb aquesta festa i que han dut a terme els infants del centre.<\/p>\n<p>Us animem a anar a visitar aquesta paradeta, que estar\u00e0 col\u00b7locada a la Pla\u00e7a de l\u2019Ajuntament al llarg de tot el dia 23, on hi trobareu tots aquests productes artesanals per regalar a les persones que estimeu, ja que s\u00f3n detalls que perduran per sempre!!<\/p>\n<p>Que gaudiu de la Diada de Sant Jordi!<\/p>\n<p><a href=\"https:\/\/agora.xtec.cat\/zercepdesis\/wp-content\/uploads\/usu2412\/2021\/04\/SANT-JORDI-2021.jpg\"><img loading=\"lazy\" decoding=\"async\" class=\"wp-image-1986 aligncenter\" src=\"https:\/\/agora.xtec.cat\/zercepdesis\/wp-content\/uploads\/usu2412\/2021\/04\/SANT-JORDI-2021-1024x727.jpg\" alt=\"\" width=\"808\" height=\"573\" srcset=\"https:\/\/agora.xtec.cat\/zercepdesis\/wp-content\/uploads\/usu2412\/2021\/04\/SANT-JORDI-2021-1024x727.jpg 1024w, https:\/\/agora.xtec.cat\/zercepdesis\/wp-content\/uploads\/usu2412\/2021\/04\/SANT-JORDI-2021-300x213.jpg 300w, https:\/\/agora.xtec.cat\/zercepdesis\/wp-content\/uploads\/usu2412\/2021\/04\/SANT-JORDI-2021-768x545.jpg 768w, https:\/\/agora.xtec.cat\/zercepdesis\/wp-content\/uploads\/usu2412\/2021\/04\/SANT-JORDI-2021.jpg 1747w\" sizes=\"auto, (max-width: 808px) 100vw, 808px\" \/><\/a><\/p>\n","protected":false},"excerpt":{"rendered":"<p>S&#8217;acosta una data especial, la Diada de Sant Jordi.\u00a0<\/p>\n<p>El 23 d&#8217;Abril es commemora i celebrem la Diada de Sant Jordi.<br \/>\nL\u2019any passat vam celebrar aquesta festa d\u2019una manera molt diferent. Enguany podem remprendre la tradicci\u00f3 de muntar paradeta a la pla\u00e7a de l&#8217;Ajuntament del nostre poble,&hellip;  <a href=\"https:\/\/agora.xtec.cat\/zercepdesis\/esc-viro\/una-data-especial-la-diada-de-sant-jordi\/\" title=\"Read UNA DATA ESPECIAL, LA DIADA DE SANT JORDI\">Llegeix m\u00e9s\u00bb<\/a><\/p>\n","protected":false},"author":1,"featured_media":0,"comment_status":"open","ping_status":"closed","sticky":false,"template":"","format":"standard","meta":{"_bbp_topic_count":0,"_bbp_reply_count":0,"_bbp_total_topic_count":0,"_bbp_total_reply_count":0,"_bbp_voice_count":0,"_bbp_anonymous_reply_count":0,"_bbp_topic_count_hidden":0,"_bbp_reply_count_hidden":0,"_bbp_forum_subforum_count":0,"footnotes":""},"categories":[153,136],"tags":[182,178,180,179,181],"class_list":["post-1985","post","type-post","status-publish","format-standard","hentry","category-curs-20-21","category-esc-viro","tag-classe-de-les-dragones-i-dragons","tag-classe-de-les-orenetes","tag-classe-dels-conills","tag-classe-dels-esquirols","tag-classe-dels-ratpenats"],"post_mailing_queue_ids":[],"_links":{"self":[{"href":"https:\/\/agora.xtec.cat\/zercepdesis\/wp-json\/wp\/v2\/posts\/1985","targetHints":{"allow":["GET"]}}],"collection":[{"href":"https:\/\/agora.xtec.cat\/zercepdesis\/wp-json\/wp\/v2\/posts"}],"about":[{"href":"https:\/\/agora.xtec.cat\/zercepdesis\/wp-json\/wp\/v2\/types\/post"}],"author":[{"embeddable":true,"href":"https:\/\/agora.xtec.cat\/zercepdesis\/wp-json\/wp\/v2\/users\/1"}],"replies":[{"embeddable":true,"href":"https:\/\/agora.xtec.cat\/zercepdesis\/wp-json\/wp\/v2\/comments?post=1985"}],"version-history":[{"count":1,"href":"https:\/\/agora.xtec.cat\/zercepdesis\/wp-json\/wp\/v2\/posts\/1985\/revisions"}],"predecessor-version":[{"id":1987,"href":"https:\/\/agora.xtec.cat\/zercepdesis\/wp-json\/wp\/v2\/posts\/1985\/revisions\/1987"}],"wp:attachment":[{"href":"https:\/\/agora.xtec.cat\/zercepdesis\/wp-json\/wp\/v2\/media?parent=1985"}],"wp:term":[{"taxonomy":"category","embeddable":true,"href":"https:\/\/agora.xtec.cat\/zercepdesis\/wp-json\/wp\/v2\/categories?post=1985"},{"taxonomy":"post_tag","embeddable":true,"href":"https:\/\/agora.xtec.cat\/zercepdesis\/wp-json\/wp\/v2\/tags?post=1985"}],"curies":[{"name":"wp","href":"https:\/\/api.w.org\/{rel}","templated":true}]}}