{"id":1973,"date":"2021-04-13T10:33:23","date_gmt":"2021-04-13T08:33:23","guid":{"rendered":"https:\/\/agora.xtec.cat\/zercepdesis\/?p=1973"},"modified":"2021-04-13T10:33:23","modified_gmt":"2021-04-13T08:33:23","slug":"espectacle-dintrissim-de-xiula","status":"publish","type":"post","link":"https:\/\/agora.xtec.cat\/zercepdesis\/esc-viro\/espectacle-dintrissim-de-xiula\/","title":{"rendered":"ESPECTACLE DINTR\u00cdSSIM DE XIULA"},"content":{"rendered":"<p><span style=\"font-weight: 400;\">El dimecres al mat\u00ed, dia 9 d\u2019abril, els Esquirols, els Conills i els Ratpenats vam anar a l\u2019Auditori de Vilafranca del Pened\u00e8s a veure un espectacle de XIULA titulat DINTR\u00cdSSIM.<\/span><\/p>\n<p><span style=\"font-weight: 400;\">XIULA \u00e9s un grup creat al 2.014 i format per 4 m\u00fasics que creen, toquen i canten can\u00e7ons amb ritmes diversos, des del Rap a la Rumba. A la nostra classe ens feia molta il\u00b7lusi\u00f3 veure en directe el grup Xiula, perqu\u00e8 aquest curs, per Carnaval, vam triar una can\u00e7\u00f3 seva per fer el BALL DELS RATPENATS.<\/span><\/p>\n<p><a href=\"https:\/\/agora.xtec.cat\/zercepdesis\/wp-content\/uploads\/usu2412\/2021\/04\/2.jpg\"><img loading=\"lazy\" decoding=\"async\" class=\"wp-image-1974 aligncenter\" src=\"https:\/\/agora.xtec.cat\/zercepdesis\/wp-content\/uploads\/usu2412\/2021\/04\/2-1024x727.jpg\" alt=\"\" width=\"699\" height=\"497\" srcset=\"https:\/\/agora.xtec.cat\/zercepdesis\/wp-content\/uploads\/usu2412\/2021\/04\/2-1024x727.jpg 1024w, https:\/\/agora.xtec.cat\/zercepdesis\/wp-content\/uploads\/usu2412\/2021\/04\/2-300x213.jpg 300w, https:\/\/agora.xtec.cat\/zercepdesis\/wp-content\/uploads\/usu2412\/2021\/04\/2-768x545.jpg 768w, https:\/\/agora.xtec.cat\/zercepdesis\/wp-content\/uploads\/usu2412\/2021\/04\/2.jpg 1747w\" sizes=\"auto, (max-width: 699px) 100vw, 699px\" \/><\/a><\/p>\n<p><span style=\"font-weight: 400;\">Un cop dins l\u2019Auditori, quan es van apagar els llums, van comen\u00e7ar tocant la can\u00e7\u00f3 de <\/span><i><span style=\"font-weight: 400;\">Dintr\u00edssim<\/span><\/i><span style=\"font-weight: 400;\">, que nosaltres ja coneix\u00edem. A continuaci\u00f3 van entrar a la nau que ens faria viatjar per diferents parts del cos hum\u00e0: la panxa, el coll, el cap,&#8230; Cada lloc tenia una can\u00e7\u00f3 especial i vam aconseguir sortir del cos pel cul, despr\u00e9s d\u2019haver-nos mirat per dins i con\u00e8ixer-nos una mica m\u00e9s, cantant la can\u00e7\u00f3 de <\/span><i><span style=\"font-weight: 400;\">Fort\u00edssim<\/span><\/i><span style=\"font-weight: 400;\">.<\/span><\/p>\n<p><span style=\"font-weight: 400;\">El concert va ser extraordinari, creatiu i divertit. Les can\u00e7ons eren s\u00faper marxoses\u00a0 i boniques. Les can\u00e7ons que m\u00e9s ens van agradar a la nostra classe van ser les de <\/span><i><span style=\"font-weight: 400;\">Verdura i Peix, Sucre, Dintr\u00edssim, Polls i Pets.\u00a0<\/span><\/i><\/p>\n<p><span style=\"font-weight: 400;\">Els moments m\u00e9s especials del concert van ser quan van tocar la can\u00e7\u00f3 dels<\/span><i><span style=\"font-weight: 400;\"> Polls<\/span><\/i><span style=\"font-weight: 400;\"> i ens van mullar el cap i quan un alumne de la nostra classe va sortir a l\u2019escenari\u00a0 a fer una prova d\u2019alimentaci\u00f3 saludable i a ballar la can\u00e7\u00f3 de\u00a0 <\/span><i><span style=\"font-weight: 400;\">Verdura i Peix<\/span><\/i><span style=\"font-weight: 400;\"> . Ell assegura que va viure un moment inoblidable i molt emocionant i a nosaltres tamb\u00e9 ens va fer molta il\u00b7lusi\u00f3 veure\u2019l tan content i fent-ho tan b\u00e9!<\/span><\/p>\n<p><span style=\"font-weight: 400;\">Gr\u00e0cies Xiula, per aquest concert tan dintr\u00edssim, xul\u00edssim, divertid\u00edssim!<\/span><\/p>\n<p><a href=\"https:\/\/agora.xtec.cat\/zercepdesis\/wp-content\/uploads\/usu2412\/2021\/04\/1.jpg\"><img loading=\"lazy\" decoding=\"async\" class=\"wp-image-1975 aligncenter\" src=\"https:\/\/agora.xtec.cat\/zercepdesis\/wp-content\/uploads\/usu2412\/2021\/04\/1-1024x727.jpg\" alt=\"\" width=\"594\" height=\"421\" srcset=\"https:\/\/agora.xtec.cat\/zercepdesis\/wp-content\/uploads\/usu2412\/2021\/04\/1-1024x727.jpg 1024w, https:\/\/agora.xtec.cat\/zercepdesis\/wp-content\/uploads\/usu2412\/2021\/04\/1-300x213.jpg 300w, https:\/\/agora.xtec.cat\/zercepdesis\/wp-content\/uploads\/usu2412\/2021\/04\/1-768x545.jpg 768w, https:\/\/agora.xtec.cat\/zercepdesis\/wp-content\/uploads\/usu2412\/2021\/04\/1.jpg 1747w\" sizes=\"auto, (max-width: 594px) 100vw, 594px\" \/><\/a><\/p>\n<p><span style=\"font-weight: 400;\">CLASSE DE LES RATPENADES I DELS RATPENATS<\/span><\/p>\n<p>&nbsp;<\/p>\n<p>&nbsp;<\/p>\n","protected":false},"excerpt":{"rendered":"<p>El dimecres al mat\u00ed, dia 9 d\u2019abril, els Esquirols, els Conills i els Ratpenats vam anar a l\u2019Auditori de Vilafranca del Pened\u00e8s a veure un espectacle de XIULA titulat DINTR\u00cdSSIM.<br \/>\nXIULA \u00e9s un grup creat al 2.014 i format per 4 m\u00fasics que creen, toquen i&hellip;  <a href=\"https:\/\/agora.xtec.cat\/zercepdesis\/esc-viro\/espectacle-dintrissim-de-xiula\/\" title=\"Read ESPECTACLE DINTR\u00cdSSIM DE XIULA\">Llegeix m\u00e9s\u00bb<\/a><\/p>\n","protected":false},"author":1,"featured_media":0,"comment_status":"open","ping_status":"closed","sticky":false,"template":"","format":"standard","meta":{"_bbp_topic_count":0,"_bbp_reply_count":0,"_bbp_total_topic_count":0,"_bbp_total_reply_count":0,"_bbp_voice_count":0,"_bbp_anonymous_reply_count":0,"_bbp_topic_count_hidden":0,"_bbp_reply_count_hidden":0,"_bbp_forum_subforum_count":0,"footnotes":""},"categories":[153,136],"tags":[180,179,181],"class_list":["post-1973","post","type-post","status-publish","format-standard","hentry","category-curs-20-21","category-esc-viro","tag-classe-dels-conills","tag-classe-dels-esquirols","tag-classe-dels-ratpenats"],"post_mailing_queue_ids":[],"_links":{"self":[{"href":"https:\/\/agora.xtec.cat\/zercepdesis\/wp-json\/wp\/v2\/posts\/1973","targetHints":{"allow":["GET"]}}],"collection":[{"href":"https:\/\/agora.xtec.cat\/zercepdesis\/wp-json\/wp\/v2\/posts"}],"about":[{"href":"https:\/\/agora.xtec.cat\/zercepdesis\/wp-json\/wp\/v2\/types\/post"}],"author":[{"embeddable":true,"href":"https:\/\/agora.xtec.cat\/zercepdesis\/wp-json\/wp\/v2\/users\/1"}],"replies":[{"embeddable":true,"href":"https:\/\/agora.xtec.cat\/zercepdesis\/wp-json\/wp\/v2\/comments?post=1973"}],"version-history":[{"count":1,"href":"https:\/\/agora.xtec.cat\/zercepdesis\/wp-json\/wp\/v2\/posts\/1973\/revisions"}],"predecessor-version":[{"id":1976,"href":"https:\/\/agora.xtec.cat\/zercepdesis\/wp-json\/wp\/v2\/posts\/1973\/revisions\/1976"}],"wp:attachment":[{"href":"https:\/\/agora.xtec.cat\/zercepdesis\/wp-json\/wp\/v2\/media?parent=1973"}],"wp:term":[{"taxonomy":"category","embeddable":true,"href":"https:\/\/agora.xtec.cat\/zercepdesis\/wp-json\/wp\/v2\/categories?post=1973"},{"taxonomy":"post_tag","embeddable":true,"href":"https:\/\/agora.xtec.cat\/zercepdesis\/wp-json\/wp\/v2\/tags?post=1973"}],"curies":[{"name":"wp","href":"https:\/\/api.w.org\/{rel}","templated":true}]}}