{"id":1970,"date":"2021-04-06T10:25:47","date_gmt":"2021-04-06T08:25:47","guid":{"rendered":"https:\/\/agora.xtec.cat\/zercepdesis\/?p=1970"},"modified":"2021-04-13T10:35:37","modified_gmt":"2021-04-13T08:35:37","slug":"reparadors-de-patinets","status":"publish","type":"post","link":"https:\/\/agora.xtec.cat\/zercepdesis\/esc-viro\/reparadors-de-patinets\/","title":{"rendered":"REPARADORS DE PATINETS"},"content":{"rendered":"<p><span style=\"font-weight: 400;\">Tots els espais de l&#8217;escola s\u00f3n generadors d&#8217;aprenentatge. Per tant \u00e9s b\u00e0sic que en tinguem cura dels espais, materials i recursos que tenim. Durant l\u2019hora del pati, hem apr\u00e8s a reutilitzar i reparar els patinets.<\/span>Ens hem organitzat per poder-los reparar, \u00e9s un espai m\u00e9s del pati.<\/p>\n<p><span style=\"font-weight: 400;\">Estem super engrescats d\u2019encarregar-nos de millorar els patinets que tenim. Estem gaudint de veure com un cop recuperades les peces, els patinets funcionen molt millor.\u00a0<\/span><\/p>\n<p><a href=\"https:\/\/agora.xtec.cat\/zercepdesis\/wp-content\/uploads\/usu2412\/2021\/04\/REPARADORS-DE-PATINETS.jpg\"><img loading=\"lazy\" decoding=\"async\" class=\"alignnone size-large wp-image-1971\" src=\"https:\/\/agora.xtec.cat\/zercepdesis\/wp-content\/uploads\/usu2412\/2021\/04\/REPARADORS-DE-PATINETS-1024x727.jpg\" alt=\"\" width=\"1024\" height=\"727\" srcset=\"https:\/\/agora.xtec.cat\/zercepdesis\/wp-content\/uploads\/usu2412\/2021\/04\/REPARADORS-DE-PATINETS-1024x727.jpg 1024w, https:\/\/agora.xtec.cat\/zercepdesis\/wp-content\/uploads\/usu2412\/2021\/04\/REPARADORS-DE-PATINETS-300x213.jpg 300w, https:\/\/agora.xtec.cat\/zercepdesis\/wp-content\/uploads\/usu2412\/2021\/04\/REPARADORS-DE-PATINETS-768x545.jpg 768w, https:\/\/agora.xtec.cat\/zercepdesis\/wp-content\/uploads\/usu2412\/2021\/04\/REPARADORS-DE-PATINETS.jpg 1747w\" sizes=\"auto, (max-width: 1024px) 100vw, 1024px\" \/><\/a><\/p>\n<p><span style=\"font-weight: 400;\">\u00a0<\/span><\/p>\n<p>&nbsp;<\/p>\n","protected":false},"excerpt":{"rendered":"<p>Tots els espais de l&#8217;escola s\u00f3n generadors d&#8217;aprenentatge. Per tant \u00e9s b\u00e0sic que en tinguem cura dels espais, materials i recursos que tenim. Durant l\u2019hora del pati, hem apr\u00e8s a reutilitzar i reparar els patinets.Ens hem organitzat per poder-los reparar, \u00e9s un espai m\u00e9s del&hellip;  <a href=\"https:\/\/agora.xtec.cat\/zercepdesis\/esc-viro\/reparadors-de-patinets\/\" title=\"Read REPARADORS DE PATINETS\">Llegeix m\u00e9s\u00bb<\/a><\/p>\n","protected":false},"author":1,"featured_media":0,"comment_status":"open","ping_status":"closed","sticky":false,"template":"","format":"standard","meta":{"_bbp_topic_count":0,"_bbp_reply_count":0,"_bbp_total_topic_count":0,"_bbp_total_reply_count":0,"_bbp_voice_count":0,"_bbp_anonymous_reply_count":0,"_bbp_topic_count_hidden":0,"_bbp_reply_count_hidden":0,"_bbp_forum_subforum_count":0,"footnotes":""},"categories":[153,136],"tags":[180],"class_list":["post-1970","post","type-post","status-publish","format-standard","hentry","category-curs-20-21","category-esc-viro","tag-classe-dels-conills"],"post_mailing_queue_ids":[],"_links":{"self":[{"href":"https:\/\/agora.xtec.cat\/zercepdesis\/wp-json\/wp\/v2\/posts\/1970","targetHints":{"allow":["GET"]}}],"collection":[{"href":"https:\/\/agora.xtec.cat\/zercepdesis\/wp-json\/wp\/v2\/posts"}],"about":[{"href":"https:\/\/agora.xtec.cat\/zercepdesis\/wp-json\/wp\/v2\/types\/post"}],"author":[{"embeddable":true,"href":"https:\/\/agora.xtec.cat\/zercepdesis\/wp-json\/wp\/v2\/users\/1"}],"replies":[{"embeddable":true,"href":"https:\/\/agora.xtec.cat\/zercepdesis\/wp-json\/wp\/v2\/comments?post=1970"}],"version-history":[{"count":1,"href":"https:\/\/agora.xtec.cat\/zercepdesis\/wp-json\/wp\/v2\/posts\/1970\/revisions"}],"predecessor-version":[{"id":1972,"href":"https:\/\/agora.xtec.cat\/zercepdesis\/wp-json\/wp\/v2\/posts\/1970\/revisions\/1972"}],"wp:attachment":[{"href":"https:\/\/agora.xtec.cat\/zercepdesis\/wp-json\/wp\/v2\/media?parent=1970"}],"wp:term":[{"taxonomy":"category","embeddable":true,"href":"https:\/\/agora.xtec.cat\/zercepdesis\/wp-json\/wp\/v2\/categories?post=1970"},{"taxonomy":"post_tag","embeddable":true,"href":"https:\/\/agora.xtec.cat\/zercepdesis\/wp-json\/wp\/v2\/tags?post=1970"}],"curies":[{"name":"wp","href":"https:\/\/api.w.org\/{rel}","templated":true}]}}