{"id":1960,"date":"2021-03-23T10:24:17","date_gmt":"2021-03-23T09:24:17","guid":{"rendered":"https:\/\/agora.xtec.cat\/zercepdesis\/?p=1960"},"modified":"2021-03-23T10:24:17","modified_gmt":"2021-03-23T09:24:17","slug":"les-categories-gramaticals-montessori","status":"publish","type":"post","link":"https:\/\/agora.xtec.cat\/zercepdesis\/esc-viro\/les-categories-gramaticals-montessori\/","title":{"rendered":"LES CATEGORIES GRAMATICALS MONTESSORI"},"content":{"rendered":"<p><span style=\"font-weight: 400;\">A la Classe dels Esquirols estem treballant les paraules\u00a0 (categories gramaticals) que configuren la frase a trav\u00e9s d\u2019una caixa amb uns compartiments de fusta que cada figura \u00e9s associada a una categoria gramatical per tal d\u2019ensenyar als infants de manera sensorial i visual la composici\u00f3 de la frase, la seva estructura i an\u00e0lisi d\u2019aquesta.\u00a0<\/span><\/p>\n<p><span style=\"font-weight: 400;\">Cada figura es relacionada a una categoria gramatical fa refer\u00e8ncia a una en concret, us ho mostrem:<\/span><\/p>\n<p><a href=\"https:\/\/agora.xtec.cat\/zercepdesis\/wp-content\/uploads\/usu2412\/2021\/03\/CATEGORIES-GRAMATICALS.jpg\"><img loading=\"lazy\" decoding=\"async\" class=\"wp-image-1961 aligncenter\" src=\"https:\/\/agora.xtec.cat\/zercepdesis\/wp-content\/uploads\/usu2412\/2021\/03\/CATEGORIES-GRAMATICALS-724x1024.jpg\" alt=\"\" width=\"509\" height=\"720\" srcset=\"https:\/\/agora.xtec.cat\/zercepdesis\/wp-content\/uploads\/usu2412\/2021\/03\/CATEGORIES-GRAMATICALS-724x1024.jpg 724w, https:\/\/agora.xtec.cat\/zercepdesis\/wp-content\/uploads\/usu2412\/2021\/03\/CATEGORIES-GRAMATICALS-212x300.jpg 212w, https:\/\/agora.xtec.cat\/zercepdesis\/wp-content\/uploads\/usu2412\/2021\/03\/CATEGORIES-GRAMATICALS-768x1086.jpg 768w, https:\/\/agora.xtec.cat\/zercepdesis\/wp-content\/uploads\/usu2412\/2021\/03\/CATEGORIES-GRAMATICALS.jpg 1414w\" sizes=\"auto, (max-width: 509px) 100vw, 509px\" \/><\/a><br \/>\n<span style=\"font-weight: 400;\">Aquest material parteix de la metodologia Montessori. Els infants comprenen de quines parts est\u00e0 formada la frase i quins elements s\u00f3n essencials perqu\u00e8 sigui una frase.\u00a0<\/span><\/p>\n<p><a href=\"https:\/\/agora.xtec.cat\/zercepdesis\/wp-content\/uploads\/usu2412\/2021\/03\/CATEGORIES-GRAMATICALS-1.jpg\"><img loading=\"lazy\" decoding=\"async\" class=\"wp-image-1962 aligncenter\" src=\"https:\/\/agora.xtec.cat\/zercepdesis\/wp-content\/uploads\/usu2412\/2021\/03\/CATEGORIES-GRAMATICALS-1-1024x727.jpg\" alt=\"\" width=\"700\" height=\"497\" srcset=\"https:\/\/agora.xtec.cat\/zercepdesis\/wp-content\/uploads\/usu2412\/2021\/03\/CATEGORIES-GRAMATICALS-1-1024x727.jpg 1024w, https:\/\/agora.xtec.cat\/zercepdesis\/wp-content\/uploads\/usu2412\/2021\/03\/CATEGORIES-GRAMATICALS-1-300x213.jpg 300w, https:\/\/agora.xtec.cat\/zercepdesis\/wp-content\/uploads\/usu2412\/2021\/03\/CATEGORIES-GRAMATICALS-1-768x545.jpg 768w, https:\/\/agora.xtec.cat\/zercepdesis\/wp-content\/uploads\/usu2412\/2021\/03\/CATEGORIES-GRAMATICALS-1.jpg 1747w\" sizes=\"auto, (max-width: 700px) 100vw, 700px\" \/><\/a><\/p>\n","protected":false},"excerpt":{"rendered":"<p>A la Classe dels Esquirols estem treballant les paraules\u00a0 (categories gramaticals) que configuren la frase a trav\u00e9s d\u2019una caixa amb uns compartiments de fusta que cada figura \u00e9s associada a una categoria gramatical per tal d\u2019ensenyar als infants de manera sensorial i visual la composici\u00f3&hellip;  <a href=\"https:\/\/agora.xtec.cat\/zercepdesis\/esc-viro\/les-categories-gramaticals-montessori\/\" title=\"Read LES CATEGORIES GRAMATICALS MONTESSORI\">Llegeix m\u00e9s\u00bb<\/a><\/p>\n","protected":false},"author":1,"featured_media":0,"comment_status":"open","ping_status":"closed","sticky":false,"template":"","format":"standard","meta":{"_bbp_topic_count":0,"_bbp_reply_count":0,"_bbp_total_topic_count":0,"_bbp_total_reply_count":0,"_bbp_voice_count":0,"_bbp_anonymous_reply_count":0,"_bbp_topic_count_hidden":0,"_bbp_reply_count_hidden":0,"_bbp_forum_subforum_count":0,"footnotes":""},"categories":[153,136],"tags":[179],"class_list":["post-1960","post","type-post","status-publish","format-standard","hentry","category-curs-20-21","category-esc-viro","tag-classe-dels-esquirols"],"post_mailing_queue_ids":[],"_links":{"self":[{"href":"https:\/\/agora.xtec.cat\/zercepdesis\/wp-json\/wp\/v2\/posts\/1960","targetHints":{"allow":["GET"]}}],"collection":[{"href":"https:\/\/agora.xtec.cat\/zercepdesis\/wp-json\/wp\/v2\/posts"}],"about":[{"href":"https:\/\/agora.xtec.cat\/zercepdesis\/wp-json\/wp\/v2\/types\/post"}],"author":[{"embeddable":true,"href":"https:\/\/agora.xtec.cat\/zercepdesis\/wp-json\/wp\/v2\/users\/1"}],"replies":[{"embeddable":true,"href":"https:\/\/agora.xtec.cat\/zercepdesis\/wp-json\/wp\/v2\/comments?post=1960"}],"version-history":[{"count":1,"href":"https:\/\/agora.xtec.cat\/zercepdesis\/wp-json\/wp\/v2\/posts\/1960\/revisions"}],"predecessor-version":[{"id":1963,"href":"https:\/\/agora.xtec.cat\/zercepdesis\/wp-json\/wp\/v2\/posts\/1960\/revisions\/1963"}],"wp:attachment":[{"href":"https:\/\/agora.xtec.cat\/zercepdesis\/wp-json\/wp\/v2\/media?parent=1960"}],"wp:term":[{"taxonomy":"category","embeddable":true,"href":"https:\/\/agora.xtec.cat\/zercepdesis\/wp-json\/wp\/v2\/categories?post=1960"},{"taxonomy":"post_tag","embeddable":true,"href":"https:\/\/agora.xtec.cat\/zercepdesis\/wp-json\/wp\/v2\/tags?post=1960"}],"curies":[{"name":"wp","href":"https:\/\/api.w.org\/{rel}","templated":true}]}}