{"id":1910,"date":"2021-03-15T00:07:35","date_gmt":"2021-03-14T23:07:35","guid":{"rendered":"https:\/\/agora.xtec.cat\/zercepdesis\/?p=1910"},"modified":"2021-03-15T20:22:53","modified_gmt":"2021-03-15T19:22:53","slug":"el-punt","status":"publish","type":"post","link":"https:\/\/agora.xtec.cat\/zercepdesis\/esc-viro\/el-punt\/","title":{"rendered":"EL PUNT"},"content":{"rendered":"<p><a href=\"https:\/\/agora.xtec.cat\/zercepdesis\/wp-content\/uploads\/usu2412\/2021\/03\/EL-PUNT.png\"><img loading=\"lazy\" decoding=\"async\" class=\"wp-image-1911 aligncenter\" src=\"https:\/\/agora.xtec.cat\/zercepdesis\/wp-content\/uploads\/usu2412\/2021\/03\/EL-PUNT.png\" alt=\"\" width=\"228\" height=\"224\" \/><\/a><\/p>\n<p><span style=\"font-weight: 400;\">Despr\u00e9s d\u2019explicar aquest conte vam tenir una conversa amb els nenes i nenes de la classe de les orenetes sobre la hist\u00f2ria que ens explica, i per la tarda al arribar a l\u2019escola ens vam trobar uns fulls en blanc a la paret de l\u2019hort, i taules amb retalls de papers, cola, tisores, gomets rodons, pintura&#8230; amb la \u00fanica consigna de que, com la protagonista del conte, hav\u00edem de fer punts. Cadasc\u00fa a la seva manera, amb els colors i el material que els hi vinguessin de gust&#8230;<\/span><\/p>\n<p><a href=\"https:\/\/agora.xtec.cat\/zercepdesis\/wp-content\/uploads\/usu2412\/2021\/03\/1-2.jpg\"><img loading=\"lazy\" decoding=\"async\" class=\"alignnone wp-image-1913\" src=\"https:\/\/agora.xtec.cat\/zercepdesis\/wp-content\/uploads\/usu2412\/2021\/03\/1-2-1024x1024.jpg\" alt=\"\" width=\"692\" height=\"692\" srcset=\"https:\/\/agora.xtec.cat\/zercepdesis\/wp-content\/uploads\/usu2412\/2021\/03\/1-2-1024x1024.jpg 1024w, https:\/\/agora.xtec.cat\/zercepdesis\/wp-content\/uploads\/usu2412\/2021\/03\/1-2-150x150.jpg 150w, https:\/\/agora.xtec.cat\/zercepdesis\/wp-content\/uploads\/usu2412\/2021\/03\/1-2-300x300.jpg 300w, https:\/\/agora.xtec.cat\/zercepdesis\/wp-content\/uploads\/usu2412\/2021\/03\/1-2-768x768.jpg 768w, https:\/\/agora.xtec.cat\/zercepdesis\/wp-content\/uploads\/usu2412\/2021\/03\/1-2.jpg 1080w\" sizes=\"auto, (max-width: 692px) 100vw, 692px\" \/><\/a><\/p>\n<p><a href=\"https:\/\/agora.xtec.cat\/zercepdesis\/wp-content\/uploads\/usu2412\/2021\/03\/2-2.jpg\"><img loading=\"lazy\" decoding=\"async\" class=\"alignnone wp-image-1914\" src=\"https:\/\/agora.xtec.cat\/zercepdesis\/wp-content\/uploads\/usu2412\/2021\/03\/2-2-1024x1024.jpg\" alt=\"\" width=\"692\" height=\"692\" srcset=\"https:\/\/agora.xtec.cat\/zercepdesis\/wp-content\/uploads\/usu2412\/2021\/03\/2-2-1024x1024.jpg 1024w, https:\/\/agora.xtec.cat\/zercepdesis\/wp-content\/uploads\/usu2412\/2021\/03\/2-2-150x150.jpg 150w, https:\/\/agora.xtec.cat\/zercepdesis\/wp-content\/uploads\/usu2412\/2021\/03\/2-2-300x300.jpg 300w, https:\/\/agora.xtec.cat\/zercepdesis\/wp-content\/uploads\/usu2412\/2021\/03\/2-2-768x768.jpg 768w, https:\/\/agora.xtec.cat\/zercepdesis\/wp-content\/uploads\/usu2412\/2021\/03\/2-2.jpg 1080w\" sizes=\"auto, (max-width: 692px) 100vw, 692px\" \/><\/a><\/p>\n<p><span style=\"font-weight: 400;\">Aquestes obres d\u2019art les hem exposat a l\u2019entrada de l\u2019escola.<\/span><\/p>\n<p>&nbsp;<\/p>\n","protected":false},"excerpt":{"rendered":"<p><a href=\"https:\/\/agora.xtec.cat\/zercepdesis\/wp-content\/uploads\/usu2412\/2021\/03\/EL-PUNT.png\"><\/a><br \/>\nDespr\u00e9s d\u2019explicar aquest conte vam tenir una conversa amb els nenes i nenes de la classe de les orenetes sobre la hist\u00f2ria que ens explica, i per la tarda al arribar a l\u2019escola ens vam trobar uns fulls en blanc a la paret de&hellip;  <a href=\"https:\/\/agora.xtec.cat\/zercepdesis\/esc-viro\/el-punt\/\" title=\"Read EL PUNT\">Llegeix m\u00e9s\u00bb<\/a><\/p>\n","protected":false},"author":1,"featured_media":0,"comment_status":"open","ping_status":"closed","sticky":false,"template":"","format":"standard","meta":{"_bbp_topic_count":0,"_bbp_reply_count":0,"_bbp_total_topic_count":0,"_bbp_total_reply_count":0,"_bbp_voice_count":0,"_bbp_anonymous_reply_count":0,"_bbp_topic_count_hidden":0,"_bbp_reply_count_hidden":0,"_bbp_forum_subforum_count":0,"footnotes":""},"categories":[153,136],"tags":[178],"class_list":["post-1910","post","type-post","status-publish","format-standard","hentry","category-curs-20-21","category-esc-viro","tag-classe-de-les-orenetes"],"post_mailing_queue_ids":[],"_links":{"self":[{"href":"https:\/\/agora.xtec.cat\/zercepdesis\/wp-json\/wp\/v2\/posts\/1910","targetHints":{"allow":["GET"]}}],"collection":[{"href":"https:\/\/agora.xtec.cat\/zercepdesis\/wp-json\/wp\/v2\/posts"}],"about":[{"href":"https:\/\/agora.xtec.cat\/zercepdesis\/wp-json\/wp\/v2\/types\/post"}],"author":[{"embeddable":true,"href":"https:\/\/agora.xtec.cat\/zercepdesis\/wp-json\/wp\/v2\/users\/1"}],"replies":[{"embeddable":true,"href":"https:\/\/agora.xtec.cat\/zercepdesis\/wp-json\/wp\/v2\/comments?post=1910"}],"version-history":[{"count":1,"href":"https:\/\/agora.xtec.cat\/zercepdesis\/wp-json\/wp\/v2\/posts\/1910\/revisions"}],"predecessor-version":[{"id":1915,"href":"https:\/\/agora.xtec.cat\/zercepdesis\/wp-json\/wp\/v2\/posts\/1910\/revisions\/1915"}],"wp:attachment":[{"href":"https:\/\/agora.xtec.cat\/zercepdesis\/wp-json\/wp\/v2\/media?parent=1910"}],"wp:term":[{"taxonomy":"category","embeddable":true,"href":"https:\/\/agora.xtec.cat\/zercepdesis\/wp-json\/wp\/v2\/categories?post=1910"},{"taxonomy":"post_tag","embeddable":true,"href":"https:\/\/agora.xtec.cat\/zercepdesis\/wp-json\/wp\/v2\/tags?post=1910"}],"curies":[{"name":"wp","href":"https:\/\/api.w.org\/{rel}","templated":true}]}}