{"id":1516,"date":"2021-02-02T15:06:48","date_gmt":"2021-02-02T14:06:48","guid":{"rendered":"https:\/\/agora.xtec.cat\/zercepdesis\/?p=1516"},"modified":"2021-02-28T15:11:17","modified_gmt":"2021-02-28T14:11:17","slug":"projecte-el-nostre-entorn","status":"publish","type":"post","link":"https:\/\/agora.xtec.cat\/zercepdesis\/esc-viro\/projecte-el-nostre-entorn\/","title":{"rendered":"PROJECTE: EL NOSTRE ENTORN"},"content":{"rendered":"<p><span style=\"font-weight: 400;\">Durant aquest primer trimestre hem estat treballant en un projecte sobre el nostre entorn m\u00e9s proper, <\/span><span style=\"font-weight: 400;\">el nostre poble<\/span><span style=\"font-weight: 400;\">. Els diferents apartats que hem estat investigant s\u00f3n: la fauna, la flora, els serveis, els sectors i el govern. Amb tota aquesta informaci\u00f3 hem extret la informaci\u00f3 m\u00e9s important i hem fet uns murals. Per \u00faltim hem fet un tr\u00edptic que hem presentat a l\u2019ajuntament. Aquest tr\u00edptic recull de manera molt resumida tota la informaci\u00f3 que hem descobert dels diferents apartats del projecte. L\u2019alcalde ens va rebre per fer una entrevista i li vam poder preguntar els dubtes que ens havien quedat sense resoldre. En les fotos podeu veure el resultat del tr\u00edptic i l\u2019entrevista amb en Miquel Vall\u00e9s, alcalde de Puigd\u00e0lber.<\/span><\/p>\n<p><span style=\"font-weight: 400;\">Ha sigut molt interessant fer aquest projecte i esperem que us agradi!!!<\/span><\/p>\n<p><span style=\"font-weight: 400;\">Classe de les dragones i els dragons.<\/span><\/p>\n<p><a href=\"https:\/\/agora.xtec.cat\/zercepdesis\/wp-content\/uploads\/usu2412\/2021\/02\/Entrevista-alcalde1.png\"><img loading=\"lazy\" decoding=\"async\" class=\"alignnone size-full wp-image-1517\" src=\"https:\/\/agora.xtec.cat\/zercepdesis\/wp-content\/uploads\/usu2412\/2021\/02\/Entrevista-alcalde1.png\" alt=\"\" width=\"558\" height=\"427\" srcset=\"https:\/\/agora.xtec.cat\/zercepdesis\/wp-content\/uploads\/usu2412\/2021\/02\/Entrevista-alcalde1.png 558w, https:\/\/agora.xtec.cat\/zercepdesis\/wp-content\/uploads\/usu2412\/2021\/02\/Entrevista-alcalde1-300x230.png 300w\" sizes=\"auto, (max-width: 558px) 100vw, 558px\" \/><\/a><\/p>\n<p><a href=\"https:\/\/agora.xtec.cat\/zercepdesis\/wp-content\/uploads\/usu2412\/2021\/02\/TR\u00cdPTIC-1.png\"><img loading=\"lazy\" decoding=\"async\" class=\"alignnone wp-image-1518\" src=\"https:\/\/agora.xtec.cat\/zercepdesis\/wp-content\/uploads\/usu2412\/2021\/02\/TR\u00cdPTIC-1.png\" alt=\"\" width=\"542\" height=\"407\" srcset=\"https:\/\/agora.xtec.cat\/zercepdesis\/wp-content\/uploads\/usu2412\/2021\/02\/TR\u00cdPTIC-1.png 536w, https:\/\/agora.xtec.cat\/zercepdesis\/wp-content\/uploads\/usu2412\/2021\/02\/TR\u00cdPTIC-1-300x226.png 300w, https:\/\/agora.xtec.cat\/zercepdesis\/wp-content\/uploads\/usu2412\/2021\/02\/TR\u00cdPTIC-1-200x150.png 200w\" sizes=\"auto, (max-width: 542px) 100vw, 542px\" \/><\/a><\/p>\n<p><a href=\"https:\/\/agora.xtec.cat\/zercepdesis\/wp-content\/uploads\/usu2412\/2021\/02\/TR\u00cdPTIC-2.png\"><img loading=\"lazy\" decoding=\"async\" class=\"alignnone wp-image-1519\" src=\"https:\/\/agora.xtec.cat\/zercepdesis\/wp-content\/uploads\/usu2412\/2021\/02\/TR\u00cdPTIC-2.png\" alt=\"\" width=\"528\" height=\"446\" srcset=\"https:\/\/agora.xtec.cat\/zercepdesis\/wp-content\/uploads\/usu2412\/2021\/02\/TR\u00cdPTIC-2.png 570w, https:\/\/agora.xtec.cat\/zercepdesis\/wp-content\/uploads\/usu2412\/2021\/02\/TR\u00cdPTIC-2-300x253.png 300w\" sizes=\"auto, (max-width: 528px) 100vw, 528px\" \/><\/a><\/p>\n","protected":false},"excerpt":{"rendered":"<p>Durant aquest primer trimestre hem estat treballant en un projecte sobre el nostre entorn m\u00e9s proper, el nostre poble. Els diferents apartats que hem estat investigant s\u00f3n: la fauna, la flora, els serveis, els sectors i el govern. Amb tota aquesta informaci\u00f3 hem extret la&hellip;  <a href=\"https:\/\/agora.xtec.cat\/zercepdesis\/esc-viro\/projecte-el-nostre-entorn\/\" title=\"Read PROJECTE: EL NOSTRE ENTORN\">Llegeix m\u00e9s\u00bb<\/a><\/p>\n","protected":false},"author":1,"featured_media":0,"comment_status":"open","ping_status":"closed","sticky":false,"template":"","format":"standard","meta":{"_bbp_topic_count":0,"_bbp_reply_count":0,"_bbp_total_topic_count":0,"_bbp_total_reply_count":0,"_bbp_voice_count":0,"_bbp_anonymous_reply_count":0,"_bbp_topic_count_hidden":0,"_bbp_reply_count_hidden":0,"_bbp_forum_subforum_count":0,"footnotes":""},"categories":[153,136],"tags":[182],"class_list":["post-1516","post","type-post","status-publish","format-standard","hentry","category-curs-20-21","category-esc-viro","tag-classe-de-les-dragones-i-dragons"],"post_mailing_queue_ids":[],"_links":{"self":[{"href":"https:\/\/agora.xtec.cat\/zercepdesis\/wp-json\/wp\/v2\/posts\/1516","targetHints":{"allow":["GET"]}}],"collection":[{"href":"https:\/\/agora.xtec.cat\/zercepdesis\/wp-json\/wp\/v2\/posts"}],"about":[{"href":"https:\/\/agora.xtec.cat\/zercepdesis\/wp-json\/wp\/v2\/types\/post"}],"author":[{"embeddable":true,"href":"https:\/\/agora.xtec.cat\/zercepdesis\/wp-json\/wp\/v2\/users\/1"}],"replies":[{"embeddable":true,"href":"https:\/\/agora.xtec.cat\/zercepdesis\/wp-json\/wp\/v2\/comments?post=1516"}],"version-history":[{"count":1,"href":"https:\/\/agora.xtec.cat\/zercepdesis\/wp-json\/wp\/v2\/posts\/1516\/revisions"}],"predecessor-version":[{"id":1520,"href":"https:\/\/agora.xtec.cat\/zercepdesis\/wp-json\/wp\/v2\/posts\/1516\/revisions\/1520"}],"wp:attachment":[{"href":"https:\/\/agora.xtec.cat\/zercepdesis\/wp-json\/wp\/v2\/media?parent=1516"}],"wp:term":[{"taxonomy":"category","embeddable":true,"href":"https:\/\/agora.xtec.cat\/zercepdesis\/wp-json\/wp\/v2\/categories?post=1516"},{"taxonomy":"post_tag","embeddable":true,"href":"https:\/\/agora.xtec.cat\/zercepdesis\/wp-json\/wp\/v2\/tags?post=1516"}],"curies":[{"name":"wp","href":"https:\/\/api.w.org\/{rel}","templated":true}]}}