{"id":1512,"date":"2020-12-22T14:54:33","date_gmt":"2020-12-22T13:54:33","guid":{"rendered":"https:\/\/agora.xtec.cat\/zercepdesis\/?p=1512"},"modified":"2021-02-28T15:06:44","modified_gmt":"2021-02-28T14:06:44","slug":"vam-cagar-el-tio-a-lescola","status":"publish","type":"post","link":"https:\/\/agora.xtec.cat\/zercepdesis\/esc-viro\/vam-cagar-el-tio-a-lescola\/","title":{"rendered":"VAM CAGAR EL TI\u00d3 A L\u2019ESCOLA"},"content":{"rendered":"<p>Quan va arribar el ti\u00f3 a l&#8217;escola, tothom estava molt emocionat. Totes i tots teniem ganes de cagar el ti\u00f3 per\u00f2 hav\u00edem d&#8217;esperar. Entre tota l&#8217;escola, vam alimentar-lo amb pells de fruita i menjar del menjador. Fins que va arribar el gran dia de cagar el ti\u00f3. El 21 de desembre, vam escalfar uns pals i ens vam posar tots junts a cantar i fer-lo cagar.<\/p>\n<p>A cicle mitj\u00e0 ens va cagar unes baldufes de fusta molt xules!<\/p>\n<p>Aquell dia vam fer un esmorzar molt especial: crossants, ensaimades, un pa de pessic i xocolata!<\/p>\n<p><a href=\"https:\/\/agora.xtec.cat\/zercepdesis\/wp-content\/uploads\/usu2412\/2021\/02\/Copia-de-LES-AULES-DE-LESCOLA.png\"><img loading=\"lazy\" decoding=\"async\" class=\"alignnone wp-image-1513\" src=\"https:\/\/agora.xtec.cat\/zercepdesis\/wp-content\/uploads\/usu2412\/2021\/02\/Copia-de-LES-AULES-DE-LESCOLA-1024x1024.png\" alt=\"\" width=\"479\" height=\"479\" srcset=\"https:\/\/agora.xtec.cat\/zercepdesis\/wp-content\/uploads\/usu2412\/2021\/02\/Copia-de-LES-AULES-DE-LESCOLA-1024x1024.png 1024w, https:\/\/agora.xtec.cat\/zercepdesis\/wp-content\/uploads\/usu2412\/2021\/02\/Copia-de-LES-AULES-DE-LESCOLA-150x150.png 150w, https:\/\/agora.xtec.cat\/zercepdesis\/wp-content\/uploads\/usu2412\/2021\/02\/Copia-de-LES-AULES-DE-LESCOLA-300x300.png 300w, https:\/\/agora.xtec.cat\/zercepdesis\/wp-content\/uploads\/usu2412\/2021\/02\/Copia-de-LES-AULES-DE-LESCOLA-768x768.png 768w, https:\/\/agora.xtec.cat\/zercepdesis\/wp-content\/uploads\/usu2412\/2021\/02\/Copia-de-LES-AULES-DE-LESCOLA.png 1080w\" sizes=\"auto, (max-width: 479px) 100vw, 479px\" \/><\/a><\/p>\n<p><a href=\"https:\/\/agora.xtec.cat\/zercepdesis\/wp-content\/uploads\/usu2412\/2021\/02\/Copia-de-LES-AULES-DE-LESCOLA-1.png\"><img loading=\"lazy\" decoding=\"async\" class=\"alignnone wp-image-1514\" src=\"https:\/\/agora.xtec.cat\/zercepdesis\/wp-content\/uploads\/usu2412\/2021\/02\/Copia-de-LES-AULES-DE-LESCOLA-1-1024x1024.png\" alt=\"\" width=\"452\" height=\"452\" srcset=\"https:\/\/agora.xtec.cat\/zercepdesis\/wp-content\/uploads\/usu2412\/2021\/02\/Copia-de-LES-AULES-DE-LESCOLA-1-1024x1024.png 1024w, https:\/\/agora.xtec.cat\/zercepdesis\/wp-content\/uploads\/usu2412\/2021\/02\/Copia-de-LES-AULES-DE-LESCOLA-1-150x150.png 150w, https:\/\/agora.xtec.cat\/zercepdesis\/wp-content\/uploads\/usu2412\/2021\/02\/Copia-de-LES-AULES-DE-LESCOLA-1-300x300.png 300w, https:\/\/agora.xtec.cat\/zercepdesis\/wp-content\/uploads\/usu2412\/2021\/02\/Copia-de-LES-AULES-DE-LESCOLA-1-768x768.png 768w, https:\/\/agora.xtec.cat\/zercepdesis\/wp-content\/uploads\/usu2412\/2021\/02\/Copia-de-LES-AULES-DE-LESCOLA-1.png 1080w\" sizes=\"auto, (max-width: 452px) 100vw, 452px\" \/><\/a><\/p>\n<p>&nbsp;<\/p>\n","protected":false},"excerpt":{"rendered":"<p>Quan va arribar el ti\u00f3 a l&#8217;escola, tothom estava molt emocionat. Totes i tots teniem ganes de cagar el ti\u00f3 per\u00f2 hav\u00edem d&#8217;esperar. Entre tota l&#8217;escola, vam alimentar-lo amb pells de fruita i menjar del menjador. Fins que va arribar el gran dia de cagar&hellip;  <a href=\"https:\/\/agora.xtec.cat\/zercepdesis\/esc-viro\/vam-cagar-el-tio-a-lescola\/\" title=\"Read VAM CAGAR EL TI\u00d3 A L\u2019ESCOLA\">Llegeix m\u00e9s\u00bb<\/a><\/p>\n","protected":false},"author":1,"featured_media":0,"comment_status":"open","ping_status":"closed","sticky":false,"template":"","format":"standard","meta":{"_bbp_topic_count":0,"_bbp_reply_count":0,"_bbp_total_topic_count":0,"_bbp_total_reply_count":0,"_bbp_voice_count":0,"_bbp_anonymous_reply_count":0,"_bbp_topic_count_hidden":0,"_bbp_reply_count_hidden":0,"_bbp_forum_subforum_count":0,"footnotes":""},"categories":[153,136],"tags":[182,178,180,179,181],"class_list":["post-1512","post","type-post","status-publish","format-standard","hentry","category-curs-20-21","category-esc-viro","tag-classe-de-les-dragones-i-dragons","tag-classe-de-les-orenetes","tag-classe-dels-conills","tag-classe-dels-esquirols","tag-classe-dels-ratpenats"],"post_mailing_queue_ids":[],"_links":{"self":[{"href":"https:\/\/agora.xtec.cat\/zercepdesis\/wp-json\/wp\/v2\/posts\/1512","targetHints":{"allow":["GET"]}}],"collection":[{"href":"https:\/\/agora.xtec.cat\/zercepdesis\/wp-json\/wp\/v2\/posts"}],"about":[{"href":"https:\/\/agora.xtec.cat\/zercepdesis\/wp-json\/wp\/v2\/types\/post"}],"author":[{"embeddable":true,"href":"https:\/\/agora.xtec.cat\/zercepdesis\/wp-json\/wp\/v2\/users\/1"}],"replies":[{"embeddable":true,"href":"https:\/\/agora.xtec.cat\/zercepdesis\/wp-json\/wp\/v2\/comments?post=1512"}],"version-history":[{"count":1,"href":"https:\/\/agora.xtec.cat\/zercepdesis\/wp-json\/wp\/v2\/posts\/1512\/revisions"}],"predecessor-version":[{"id":1515,"href":"https:\/\/agora.xtec.cat\/zercepdesis\/wp-json\/wp\/v2\/posts\/1512\/revisions\/1515"}],"wp:attachment":[{"href":"https:\/\/agora.xtec.cat\/zercepdesis\/wp-json\/wp\/v2\/media?parent=1512"}],"wp:term":[{"taxonomy":"category","embeddable":true,"href":"https:\/\/agora.xtec.cat\/zercepdesis\/wp-json\/wp\/v2\/categories?post=1512"},{"taxonomy":"post_tag","embeddable":true,"href":"https:\/\/agora.xtec.cat\/zercepdesis\/wp-json\/wp\/v2\/tags?post=1512"}],"curies":[{"name":"wp","href":"https:\/\/api.w.org\/{rel}","templated":true}]}}