{"id":1504,"date":"2020-10-20T14:23:17","date_gmt":"2020-10-20T12:23:17","guid":{"rendered":"https:\/\/agora.xtec.cat\/zercepdesis\/?p=1504"},"modified":"2021-02-28T14:26:02","modified_gmt":"2021-02-28T13:26:02","slug":"la-maquina-desperar","status":"publish","type":"post","link":"https:\/\/agora.xtec.cat\/zercepdesis\/esc-viro\/la-maquina-desperar\/","title":{"rendered":"LA M\u00c0QUINA D&#8217;ESPERAR"},"content":{"rendered":"<p>Avui a l\u2019espai dels h\u00e0bits lectors, les alumnes i els alumnes de la classe dels conills, hem llegit un conte curt que parlava d\u2019una m\u00e0quina d\u2019esperar. Despr\u00e9s de la lectura compartida hem estat pensant com seria aquesta m\u00e0quina d\u2019esperar. I hem tingut la idea de crear la nostra m\u00e0quina. Aqu\u00ed podeu veure les seves creacions. Estan gaudint molt\u00edssim del temps de lectura. Aprofiteu aquesta motivaci\u00f3 i compartiu amb elles i amb ells petites estones de lectura.<\/p>\n<p><a href=\"https:\/\/agora.xtec.cat\/zercepdesis\/wp-content\/uploads\/usu2412\/2021\/02\/H\u00c0BIT-LECTOR.png\"><img loading=\"lazy\" decoding=\"async\" class=\"alignnone size-full wp-image-1505\" src=\"https:\/\/agora.xtec.cat\/zercepdesis\/wp-content\/uploads\/usu2412\/2021\/02\/H\u00c0BIT-LECTOR.png\" alt=\"\" width=\"792\" height=\"633\" srcset=\"https:\/\/agora.xtec.cat\/zercepdesis\/wp-content\/uploads\/usu2412\/2021\/02\/H\u00c0BIT-LECTOR.png 792w, https:\/\/agora.xtec.cat\/zercepdesis\/wp-content\/uploads\/usu2412\/2021\/02\/H\u00c0BIT-LECTOR-300x240.png 300w, https:\/\/agora.xtec.cat\/zercepdesis\/wp-content\/uploads\/usu2412\/2021\/02\/H\u00c0BIT-LECTOR-768x614.png 768w\" sizes=\"auto, (max-width: 792px) 100vw, 792px\" \/><\/a><\/p>\n<p><img decoding=\"async\" src=\"https:\/\/1.bp.blogspot.com\/-s3jOTgmp67o\/X43C8FHWyTI\/AAAAAAAAlqw\/zZj__TczZHUx3IVh6rZ1dBm_D7qgA33UwCLcBGAsYHQ\/s400\/Entrada%2Bblog.PNG\" \/><\/p>\n","protected":false},"excerpt":{"rendered":"<p>Avui a l\u2019espai dels h\u00e0bits lectors, les alumnes i els alumnes de la classe dels conills, hem llegit un conte curt que parlava d\u2019una m\u00e0quina d\u2019esperar. Despr\u00e9s de la lectura compartida hem estat pensant com seria aquesta m\u00e0quina d\u2019esperar. I hem tingut la idea de&hellip;  <a href=\"https:\/\/agora.xtec.cat\/zercepdesis\/esc-viro\/la-maquina-desperar\/\" title=\"Read LA M\u00c0QUINA D&#8217;ESPERAR\">Llegeix m\u00e9s\u00bb<\/a><\/p>\n","protected":false},"author":1,"featured_media":1508,"comment_status":"open","ping_status":"closed","sticky":false,"template":"","format":"standard","meta":{"_bbp_topic_count":0,"_bbp_reply_count":0,"_bbp_total_topic_count":0,"_bbp_total_reply_count":0,"_bbp_voice_count":0,"_bbp_anonymous_reply_count":0,"_bbp_topic_count_hidden":0,"_bbp_reply_count_hidden":0,"_bbp_forum_subforum_count":0,"footnotes":""},"categories":[153,136],"tags":[180],"class_list":["post-1504","post","type-post","status-publish","format-standard","has-post-thumbnail","hentry","category-curs-20-21","category-esc-viro","tag-classe-dels-conills"],"post_mailing_queue_ids":[],"_links":{"self":[{"href":"https:\/\/agora.xtec.cat\/zercepdesis\/wp-json\/wp\/v2\/posts\/1504","targetHints":{"allow":["GET"]}}],"collection":[{"href":"https:\/\/agora.xtec.cat\/zercepdesis\/wp-json\/wp\/v2\/posts"}],"about":[{"href":"https:\/\/agora.xtec.cat\/zercepdesis\/wp-json\/wp\/v2\/types\/post"}],"author":[{"embeddable":true,"href":"https:\/\/agora.xtec.cat\/zercepdesis\/wp-json\/wp\/v2\/users\/1"}],"replies":[{"embeddable":true,"href":"https:\/\/agora.xtec.cat\/zercepdesis\/wp-json\/wp\/v2\/comments?post=1504"}],"version-history":[{"count":2,"href":"https:\/\/agora.xtec.cat\/zercepdesis\/wp-json\/wp\/v2\/posts\/1504\/revisions"}],"predecessor-version":[{"id":1507,"href":"https:\/\/agora.xtec.cat\/zercepdesis\/wp-json\/wp\/v2\/posts\/1504\/revisions\/1507"}],"wp:featuredmedia":[{"embeddable":true,"href":"https:\/\/agora.xtec.cat\/zercepdesis\/wp-json\/wp\/v2\/media\/1508"}],"wp:attachment":[{"href":"https:\/\/agora.xtec.cat\/zercepdesis\/wp-json\/wp\/v2\/media?parent=1504"}],"wp:term":[{"taxonomy":"category","embeddable":true,"href":"https:\/\/agora.xtec.cat\/zercepdesis\/wp-json\/wp\/v2\/categories?post=1504"},{"taxonomy":"post_tag","embeddable":true,"href":"https:\/\/agora.xtec.cat\/zercepdesis\/wp-json\/wp\/v2\/tags?post=1504"}],"curies":[{"name":"wp","href":"https:\/\/api.w.org\/{rel}","templated":true}]}}