{"id":1495,"date":"2020-10-27T14:10:54","date_gmt":"2020-10-27T13:10:54","guid":{"rendered":"https:\/\/agora.xtec.cat\/zercepdesis\/?p=1495"},"modified":"2021-02-28T14:15:21","modified_gmt":"2021-02-28T13:15:21","slug":"els-ratpenats-sorganitzen-per-fer-hora-verda","status":"publish","type":"post","link":"https:\/\/agora.xtec.cat\/zercepdesis\/esc-viro\/els-ratpenats-sorganitzen-per-fer-hora-verda\/","title":{"rendered":"ELS RATPENATS S&#8217;ORGANITZEN PER FER HORA VERDA!"},"content":{"rendered":"<p style=\"font-weight: 400;\">La classe dels ratpenats durant l\u2019hora verda, anem a l\u2019hort. Aquesta primera plantada ens encarreguem de les plantes de les quals ens en mengem el fruit. Hem plantat faves i p\u00e8sols i estan arrelant molt b\u00e9!<\/p>\n<p style=\"font-weight: 400;\">Ens hem organitzat per grups, les dissenyadores han dissenyat l\u2019espai\u00a0\u00a0de l\u2019hort per plantar cada planter, els de manteniment han arreglat les fustes que calia canviar i els bot\u00e0nics han preparat la terra i estudien qu\u00e8 els va b\u00e9 per cr\u00e9ixer.<\/p>\n<p style=\"font-weight: 400;\">Segur que d\u2019aquest treball en equip en surten molts bons fruits!<\/p>\n<p><a href=\"https:\/\/agora.xtec.cat\/zercepdesis\/wp-content\/uploads\/usu2412\/2021\/02\/hora-verda.png\"><img loading=\"lazy\" decoding=\"async\" class=\"alignnone size-full wp-image-1496\" src=\"https:\/\/agora.xtec.cat\/zercepdesis\/wp-content\/uploads\/usu2412\/2021\/02\/hora-verda.png\" alt=\"\" width=\"784\" height=\"621\" srcset=\"https:\/\/agora.xtec.cat\/zercepdesis\/wp-content\/uploads\/usu2412\/2021\/02\/hora-verda.png 784w, https:\/\/agora.xtec.cat\/zercepdesis\/wp-content\/uploads\/usu2412\/2021\/02\/hora-verda-300x238.png 300w, https:\/\/agora.xtec.cat\/zercepdesis\/wp-content\/uploads\/usu2412\/2021\/02\/hora-verda-768x608.png 768w\" sizes=\"auto, (max-width: 784px) 100vw, 784px\" \/><\/a><\/p>\n","protected":false},"excerpt":{"rendered":"<p>La classe dels ratpenats durant l\u2019hora verda, anem a l\u2019hort. Aquesta primera plantada ens encarreguem de les plantes de les quals ens en mengem el fruit. Hem plantat faves i p\u00e8sols i estan arrelant molt b\u00e9!<br \/>\nEns hem organitzat per grups, les dissenyadores han dissenyat l\u2019espai\u00a0\u00a0de&hellip;  <a href=\"https:\/\/agora.xtec.cat\/zercepdesis\/esc-viro\/els-ratpenats-sorganitzen-per-fer-hora-verda\/\" title=\"Read ELS RATPENATS S&#8217;ORGANITZEN PER FER HORA VERDA!\">Llegeix m\u00e9s\u00bb<\/a><\/p>\n","protected":false},"author":1,"featured_media":0,"comment_status":"open","ping_status":"closed","sticky":false,"template":"","format":"standard","meta":{"_bbp_topic_count":0,"_bbp_reply_count":0,"_bbp_total_topic_count":0,"_bbp_total_reply_count":0,"_bbp_voice_count":0,"_bbp_anonymous_reply_count":0,"_bbp_topic_count_hidden":0,"_bbp_reply_count_hidden":0,"_bbp_forum_subforum_count":0,"footnotes":""},"categories":[153,136],"tags":[181],"class_list":["post-1495","post","type-post","status-publish","format-standard","hentry","category-curs-20-21","category-esc-viro","tag-classe-dels-ratpenats"],"post_mailing_queue_ids":[],"_links":{"self":[{"href":"https:\/\/agora.xtec.cat\/zercepdesis\/wp-json\/wp\/v2\/posts\/1495","targetHints":{"allow":["GET"]}}],"collection":[{"href":"https:\/\/agora.xtec.cat\/zercepdesis\/wp-json\/wp\/v2\/posts"}],"about":[{"href":"https:\/\/agora.xtec.cat\/zercepdesis\/wp-json\/wp\/v2\/types\/post"}],"author":[{"embeddable":true,"href":"https:\/\/agora.xtec.cat\/zercepdesis\/wp-json\/wp\/v2\/users\/1"}],"replies":[{"embeddable":true,"href":"https:\/\/agora.xtec.cat\/zercepdesis\/wp-json\/wp\/v2\/comments?post=1495"}],"version-history":[{"count":1,"href":"https:\/\/agora.xtec.cat\/zercepdesis\/wp-json\/wp\/v2\/posts\/1495\/revisions"}],"predecessor-version":[{"id":1497,"href":"https:\/\/agora.xtec.cat\/zercepdesis\/wp-json\/wp\/v2\/posts\/1495\/revisions\/1497"}],"wp:attachment":[{"href":"https:\/\/agora.xtec.cat\/zercepdesis\/wp-json\/wp\/v2\/media?parent=1495"}],"wp:term":[{"taxonomy":"category","embeddable":true,"href":"https:\/\/agora.xtec.cat\/zercepdesis\/wp-json\/wp\/v2\/categories?post=1495"},{"taxonomy":"post_tag","embeddable":true,"href":"https:\/\/agora.xtec.cat\/zercepdesis\/wp-json\/wp\/v2\/tags?post=1495"}],"curies":[{"name":"wp","href":"https:\/\/api.w.org\/{rel}","templated":true}]}}