{"id":1467,"date":"2020-09-22T13:44:20","date_gmt":"2020-09-22T11:44:20","guid":{"rendered":"https:\/\/agora.xtec.cat\/zercepdesis\/?p=1467"},"modified":"2021-02-28T13:48:37","modified_gmt":"2021-02-28T12:48:37","slug":"els-mes-petits-de-lescola","status":"publish","type":"post","link":"https:\/\/agora.xtec.cat\/zercepdesis\/esc-viro\/els-mes-petits-de-lescola\/","title":{"rendered":"ELS M\u00c9S PETITS DE L&#8217;ESCOLA"},"content":{"rendered":"<p>El m\u00e9s petits de l&#8217;escola us informen que ja tenen nom de la classe! Sabeu com ens diem? SOM LA CLASSE DE LES ORENETES. AL llarg d&#8217;aquest curs compartirem experi\u00e8ncies i ens ho passarem d&#8217;all\u00f2 m\u00e9s b\u00e9 junts!<\/p>\n<p><img decoding=\"async\" src=\"https:\/\/1.bp.blogspot.com\/-2p-u_9sH_HU\/X2nIOEcCH9I\/AAAAAAAAlXs\/q5Yfn14DvpI-AcJUKP4bl12XyaJZwFJpgCLcBGAsYHQ\/s400\/REUNI%25C3%2593%2BEducaci%25C3%25B3%2BInfantil.jpg\" \/><\/p>\n","protected":false},"excerpt":{"rendered":"<p>El m\u00e9s petits de l&#8217;escola us informen que ja tenen nom de la classe! Sabeu com ens diem? SOM LA CLASSE DE LES ORENETES. AL llarg d&#8217;aquest curs compartirem experi\u00e8ncies i ens ho passarem d&#8217;all\u00f2 m\u00e9s b\u00e9 junts!<\/p>\n","protected":false},"author":1,"featured_media":1469,"comment_status":"open","ping_status":"closed","sticky":false,"template":"","format":"standard","meta":{"_bbp_topic_count":0,"_bbp_reply_count":0,"_bbp_total_topic_count":0,"_bbp_total_reply_count":0,"_bbp_voice_count":0,"_bbp_anonymous_reply_count":0,"_bbp_topic_count_hidden":0,"_bbp_reply_count_hidden":0,"_bbp_forum_subforum_count":0,"footnotes":""},"categories":[153,136],"tags":[178,124],"class_list":["post-1467","post","type-post","status-publish","format-standard","has-post-thumbnail","hentry","category-curs-20-21","category-esc-viro","tag-classe-de-les-orenetes","tag-portada"],"post_mailing_queue_ids":[],"_links":{"self":[{"href":"https:\/\/agora.xtec.cat\/zercepdesis\/wp-json\/wp\/v2\/posts\/1467","targetHints":{"allow":["GET"]}}],"collection":[{"href":"https:\/\/agora.xtec.cat\/zercepdesis\/wp-json\/wp\/v2\/posts"}],"about":[{"href":"https:\/\/agora.xtec.cat\/zercepdesis\/wp-json\/wp\/v2\/types\/post"}],"author":[{"embeddable":true,"href":"https:\/\/agora.xtec.cat\/zercepdesis\/wp-json\/wp\/v2\/users\/1"}],"replies":[{"embeddable":true,"href":"https:\/\/agora.xtec.cat\/zercepdesis\/wp-json\/wp\/v2\/comments?post=1467"}],"version-history":[{"count":1,"href":"https:\/\/agora.xtec.cat\/zercepdesis\/wp-json\/wp\/v2\/posts\/1467\/revisions"}],"predecessor-version":[{"id":1468,"href":"https:\/\/agora.xtec.cat\/zercepdesis\/wp-json\/wp\/v2\/posts\/1467\/revisions\/1468"}],"wp:featuredmedia":[{"embeddable":true,"href":"https:\/\/agora.xtec.cat\/zercepdesis\/wp-json\/wp\/v2\/media\/1469"}],"wp:attachment":[{"href":"https:\/\/agora.xtec.cat\/zercepdesis\/wp-json\/wp\/v2\/media?parent=1467"}],"wp:term":[{"taxonomy":"category","embeddable":true,"href":"https:\/\/agora.xtec.cat\/zercepdesis\/wp-json\/wp\/v2\/categories?post=1467"},{"taxonomy":"post_tag","embeddable":true,"href":"https:\/\/agora.xtec.cat\/zercepdesis\/wp-json\/wp\/v2\/tags?post=1467"}],"curies":[{"name":"wp","href":"https:\/\/api.w.org\/{rel}","templated":true}]}}