{"id":1464,"date":"2020-09-29T13:42:51","date_gmt":"2020-09-29T11:42:51","guid":{"rendered":"https:\/\/agora.xtec.cat\/zercepdesis\/?p=1464"},"modified":"2021-02-28T13:47:52","modified_gmt":"2021-02-28T12:47:52","slug":"la-visita-dun-mag-a-lescola","status":"publish","type":"post","link":"https:\/\/agora.xtec.cat\/zercepdesis\/esc-viro\/la-visita-dun-mag-a-lescola\/","title":{"rendered":"LA VISITA D&#8217;UN MAG A L&#8217;ESCOLA!"},"content":{"rendered":"<p>Atenci\u00f3, atenci\u00f3!! Avui, hem viscut una tarda plena de m\u00e0gia, gr\u00e0cies a un espectacle dinamitzat pel Bibliob\u00fas de Puigd\u00e0lber. Els infants i els mestres han quedat bocabadats dels trucs de m\u00e0gia que ens ha presentat aquest fant\u00e0stic mag! Ha sigut una experi\u00e8ncia molt positiva i hem gaudit de la tarda plegats, sempre respectant les mesures de seguretat! Us deixem amb un recull de fotografies!!<\/p>\n<p><img decoding=\"async\" src=\"https:\/\/1.bp.blogspot.com\/-wElGy8GY-fo\/X3Nk15Z1s1I\/AAAAAAAAlYw\/e6rYZJG9TioYiTCBqWgoBwPl5Mv2-KA8ACLcBGAsYHQ\/s600\/Una%2Bgu%25C3%25ADa%2Bpara%2Bprincipiantes.jpg\" \/><\/p>\n<p>&nbsp;<\/p>\n","protected":false},"excerpt":{"rendered":"<p>Atenci\u00f3, atenci\u00f3!! Avui, hem viscut una tarda plena de m\u00e0gia, gr\u00e0cies a un espectacle dinamitzat pel Bibliob\u00fas de Puigd\u00e0lber. Els infants i els mestres han quedat bocabadats dels trucs de m\u00e0gia que ens ha presentat aquest fant\u00e0stic mag! Ha sigut una experi\u00e8ncia molt positiva i&hellip;  <a href=\"https:\/\/agora.xtec.cat\/zercepdesis\/esc-viro\/la-visita-dun-mag-a-lescola\/\" title=\"Read LA VISITA D&#8217;UN MAG A L&#8217;ESCOLA!\">Llegeix m\u00e9s\u00bb<\/a><\/p>\n","protected":false},"author":1,"featured_media":1466,"comment_status":"open","ping_status":"closed","sticky":false,"template":"","format":"standard","meta":{"_bbp_topic_count":0,"_bbp_reply_count":0,"_bbp_total_topic_count":0,"_bbp_total_reply_count":0,"_bbp_voice_count":0,"_bbp_anonymous_reply_count":0,"_bbp_topic_count_hidden":0,"_bbp_reply_count_hidden":0,"_bbp_forum_subforum_count":0,"footnotes":""},"categories":[153,136],"tags":[182,178,180,179,181],"class_list":["post-1464","post","type-post","status-publish","format-standard","has-post-thumbnail","hentry","category-curs-20-21","category-esc-viro","tag-classe-de-les-dragones-i-dragons","tag-classe-de-les-orenetes","tag-classe-dels-conills","tag-classe-dels-esquirols","tag-classe-dels-ratpenats"],"post_mailing_queue_ids":[],"_links":{"self":[{"href":"https:\/\/agora.xtec.cat\/zercepdesis\/wp-json\/wp\/v2\/posts\/1464","targetHints":{"allow":["GET"]}}],"collection":[{"href":"https:\/\/agora.xtec.cat\/zercepdesis\/wp-json\/wp\/v2\/posts"}],"about":[{"href":"https:\/\/agora.xtec.cat\/zercepdesis\/wp-json\/wp\/v2\/types\/post"}],"author":[{"embeddable":true,"href":"https:\/\/agora.xtec.cat\/zercepdesis\/wp-json\/wp\/v2\/users\/1"}],"replies":[{"embeddable":true,"href":"https:\/\/agora.xtec.cat\/zercepdesis\/wp-json\/wp\/v2\/comments?post=1464"}],"version-history":[{"count":1,"href":"https:\/\/agora.xtec.cat\/zercepdesis\/wp-json\/wp\/v2\/posts\/1464\/revisions"}],"predecessor-version":[{"id":1465,"href":"https:\/\/agora.xtec.cat\/zercepdesis\/wp-json\/wp\/v2\/posts\/1464\/revisions\/1465"}],"wp:featuredmedia":[{"embeddable":true,"href":"https:\/\/agora.xtec.cat\/zercepdesis\/wp-json\/wp\/v2\/media\/1466"}],"wp:attachment":[{"href":"https:\/\/agora.xtec.cat\/zercepdesis\/wp-json\/wp\/v2\/media?parent=1464"}],"wp:term":[{"taxonomy":"category","embeddable":true,"href":"https:\/\/agora.xtec.cat\/zercepdesis\/wp-json\/wp\/v2\/categories?post=1464"},{"taxonomy":"post_tag","embeddable":true,"href":"https:\/\/agora.xtec.cat\/zercepdesis\/wp-json\/wp\/v2\/tags?post=1464"}],"curies":[{"name":"wp","href":"https:\/\/api.w.org\/{rel}","templated":true}]}}