{"id":1446,"date":"2020-12-15T13:25:14","date_gmt":"2020-12-15T12:25:14","guid":{"rendered":"https:\/\/agora.xtec.cat\/zercepdesis\/?p=1446"},"modified":"2021-02-28T13:27:54","modified_gmt":"2021-02-28T12:27:54","slug":"les-llucies-2","status":"publish","type":"post","link":"https:\/\/agora.xtec.cat\/zercepdesis\/esc-viro\/curs-20-21\/les-llucies-2\/","title":{"rendered":"LES LL\u00daCIES"},"content":{"rendered":"<p>Com cada any s\u2019apropen les dates m\u00e9s especials i assenyalades pels infants, les festes de Nadal. El dia 13 de desembre es celebra Santa Ll\u00facia.<\/p>\n<p><img decoding=\"async\" src=\"https:\/\/1.bp.blogspot.com\/-0ADuucU-vmw\/X9hawzmsbWI\/AAAAAAAAmHY\/An-4PXf-u0gYi3TqKSqwkOhXN0JIWt9iQCLcBGAsYHQ\/s0\/images.jpg\" \/><\/p>\n<p style=\"font-weight: 400;\">Cada any fem una cantada de can\u00e7ons nadalenques pels racons de poble, per\u00f2 aquest any degut a la situaci\u00f3 que estem vivint, hem decidit dur-ho a terme a dins l\u2019escola.<\/p>\n<p style=\"font-weight: 400;\">Ens hem preparat algunes de les can\u00e7ons que cant\u00e0vem habitualment. En comptes d\u2019utilitzar la nostra veu, ens hem expressat a trav\u00e9s del nostre cos i hem apr\u00e8s una dansa.<\/p>\n<p style=\"font-weight: 400;\">La voleu veure? Mireu, mireu com ballem!<\/p>\n<p style=\"font-weight: 400;\">Podeu veure les nostres danses a partir dels enlla\u00e7os que us donem a continuaci\u00f3.<\/p>\n<p style=\"font-weight: 400;\">Primer, van ser les Orenentes que van ballar el&#8230;<\/p>\n<p style=\"font-weight: 400;\"><a href=\"https:\/\/youtu.be\/LxpGP9p-Tbs\">VIROLET SANT PERE<\/a><\/p>\n<p style=\"font-weight: 400;\">En segon lloc, els Esquirols i les Dragones i Dragons fent la dansa de&#8230;<\/p>\n<p style=\"font-weight: 400;\"><a href=\"https:\/\/youtu.be\/qo9piXooF1c\">SANTA LL\u00daCIA<\/a><\/p>\n<p style=\"font-weight: 400;\">I per \u00faltim, els Conills i els Rapenats!! Tamb\u00e9 han ballat Virolet Sant Pere, com les Orenentes.<\/p>\n<p style=\"font-weight: 400;\">Cadasc\u00fa han fet una dansa ben diferent! I el m\u00e9s important han gaudiu molt\u00edssim!<\/p>\n<p style=\"font-weight: 400;\"><a href=\"https:\/\/youtu.be\/N3HtgfRwS8c\">VIROLET SANT PERE<\/a><\/p>\n<p><img loading=\"lazy\" decoding=\"async\" class=\"\" src=\"https:\/\/1.bp.blogspot.com\/-IDpqLyIQ-xY\/X9h8rp5vM5I\/AAAAAAAAmHk\/4ke3rmVmg3gSFJKCddndCRA1NJOoQVvcQCLcBGAsYHQ\/w640-h426\/DSC02053.JPG\" width=\"665\" height=\"443\" \/><\/p>\n","protected":false},"excerpt":{"rendered":"<p>Com cada any s\u2019apropen les dates m\u00e9s especials i assenyalades pels infants, les festes de Nadal. El dia 13 de desembre es celebra Santa Ll\u00facia.<\/p>\n<p>Cada any fem una cantada de can\u00e7ons nadalenques pels racons de poble, per\u00f2 aquest any degut a la situaci\u00f3 que estem&hellip;  <a href=\"https:\/\/agora.xtec.cat\/zercepdesis\/esc-viro\/curs-20-21\/les-llucies-2\/\" title=\"Read LES LL\u00daCIES\">Llegeix m\u00e9s\u00bb<\/a><\/p>\n","protected":false},"author":1,"featured_media":1448,"comment_status":"open","ping_status":"closed","sticky":false,"template":"","format":"standard","meta":{"_bbp_topic_count":0,"_bbp_reply_count":0,"_bbp_total_topic_count":0,"_bbp_total_reply_count":0,"_bbp_voice_count":0,"_bbp_anonymous_reply_count":0,"_bbp_topic_count_hidden":0,"_bbp_reply_count_hidden":0,"_bbp_forum_subforum_count":0,"footnotes":""},"categories":[153],"tags":[182,178,180,179,181,183],"class_list":["post-1446","post","type-post","status-publish","format-standard","has-post-thumbnail","hentry","category-curs-20-21","tag-classe-de-les-dragones-i-dragons","tag-classe-de-les-orenetes","tag-classe-dels-conills","tag-classe-dels-esquirols","tag-classe-dels-ratpenats","tag-festes-20-21pu"],"post_mailing_queue_ids":[],"_links":{"self":[{"href":"https:\/\/agora.xtec.cat\/zercepdesis\/wp-json\/wp\/v2\/posts\/1446","targetHints":{"allow":["GET"]}}],"collection":[{"href":"https:\/\/agora.xtec.cat\/zercepdesis\/wp-json\/wp\/v2\/posts"}],"about":[{"href":"https:\/\/agora.xtec.cat\/zercepdesis\/wp-json\/wp\/v2\/types\/post"}],"author":[{"embeddable":true,"href":"https:\/\/agora.xtec.cat\/zercepdesis\/wp-json\/wp\/v2\/users\/1"}],"replies":[{"embeddable":true,"href":"https:\/\/agora.xtec.cat\/zercepdesis\/wp-json\/wp\/v2\/comments?post=1446"}],"version-history":[{"count":1,"href":"https:\/\/agora.xtec.cat\/zercepdesis\/wp-json\/wp\/v2\/posts\/1446\/revisions"}],"predecessor-version":[{"id":1447,"href":"https:\/\/agora.xtec.cat\/zercepdesis\/wp-json\/wp\/v2\/posts\/1446\/revisions\/1447"}],"wp:featuredmedia":[{"embeddable":true,"href":"https:\/\/agora.xtec.cat\/zercepdesis\/wp-json\/wp\/v2\/media\/1448"}],"wp:attachment":[{"href":"https:\/\/agora.xtec.cat\/zercepdesis\/wp-json\/wp\/v2\/media?parent=1446"}],"wp:term":[{"taxonomy":"category","embeddable":true,"href":"https:\/\/agora.xtec.cat\/zercepdesis\/wp-json\/wp\/v2\/categories?post=1446"},{"taxonomy":"post_tag","embeddable":true,"href":"https:\/\/agora.xtec.cat\/zercepdesis\/wp-json\/wp\/v2\/tags?post=1446"}],"curies":[{"name":"wp","href":"https:\/\/api.w.org\/{rel}","templated":true}]}}