{"id":1434,"date":"2020-06-10T12:51:23","date_gmt":"2020-06-10T10:51:23","guid":{"rendered":"https:\/\/agora.xtec.cat\/zercepdesis\/?p=1434"},"modified":"2021-02-28T12:54:08","modified_gmt":"2021-02-28T11:54:08","slug":"dia-mundial-del-medi-ambient","status":"publish","type":"post","link":"https:\/\/agora.xtec.cat\/zercepdesis\/esc-viro\/dia-mundial-del-medi-ambient\/","title":{"rendered":"DIA MUNDIAL DEL MEDI AMBIENT"},"content":{"rendered":"<p style=\"font-weight: 400;\"><span style=\"font-weight: 400;\">Aquesta setmana la noticia la dediquem al dia mundial del medi ambient, <\/span>que va ser el passat divendres 5 de juny.<\/p>\n<p style=\"font-weight: 400;\"><span style=\"font-weight: 400;\">Tots hem de tenir un objectiu ben clar, convertir-nos en agents actius del desenvolupament sostenible i en el canvi d\u2019actitud en les nostres maneres de fer i d\u2019actuar.<\/span><\/p>\n<p style=\"font-weight: 400;\"><span style=\"font-weight: 400;\">Enguany aquest dia ha tingut com a tema principal la Biodiversitat, un gran motiu de preocupaci\u00f3 mundial en mat\u00e8ria mediambiental. Esdeveniments catastr\u00f2fics recents com els incendis forestals a gran escala de Brasil, Calif\u00f2rnia i Austr\u00e0lia, la invasi\u00f3 de mangostes a l\u2019\u00c0frica i la pand\u00e8mia de COVID-19 ens demostren que la Naturalesa ens est\u00e0 enviant un missatge.<\/span><\/p>\n<p><img decoding=\"async\" src=\"https:\/\/lh6.googleusercontent.com\/bPaIq7ahgD06wWHZ_hG7HSZjebfb0Aq-KV7eGxcfGrttGI9N0vlzxT8_jDFNkMWG3mSaqg6wqRYFHQvdQiKk0pIMmO6gAPWNAfYr2iYY9Pw9in5y-Vz2GO2pcWpUzk-NRtZbH6m9\" \/><\/p>\n<div dir=\"ltr\">Aquesta animaci\u00f3 convida a reflexionar sobre l\u2019actitud personal respecte a la natura i la nostra capacitat per canviar el m\u00f3n.<\/div>\n<div dir=\"ltr\">I divendres us presentarem una can\u00e7\u00f3 que s\u2019ha fet expressament per celebrar aquest dia mundial del medi ambient, haureu d\u2019estar ben atents i atentes, ja que segur que coneixeu una de les protagonistes!<\/div>\n<div dir=\"ltr\"><\/div>\n<div dir=\"ltr\"><span style=\"color: #00ff00;\"><b>ENCARA HI SOM A TEMPS!<\/b><\/span><\/div>\n<div class=\"separator\"><\/div>\n<div dir=\"ltr\"><span style=\"color: #00ff00;\"><b>VOLEM TENIR UN DEM\u00c0!<\/b><\/span><\/div>\n","protected":false},"excerpt":{"rendered":"<p>Aquesta setmana la noticia la dediquem al dia mundial del medi ambient, que va ser el passat divendres 5 de juny.<br \/>\nTots hem de tenir un objectiu ben clar, convertir-nos en agents actius del desenvolupament sostenible i en el canvi d\u2019actitud en les nostres maneres de&hellip;  <a href=\"https:\/\/agora.xtec.cat\/zercepdesis\/esc-viro\/dia-mundial-del-medi-ambient\/\" title=\"Read DIA MUNDIAL DEL MEDI AMBIENT\">Llegeix m\u00e9s\u00bb<\/a><\/p>\n","protected":false},"author":1,"featured_media":0,"comment_status":"open","ping_status":"closed","sticky":false,"template":"","format":"standard","meta":{"_bbp_topic_count":0,"_bbp_reply_count":0,"_bbp_total_topic_count":0,"_bbp_total_reply_count":0,"_bbp_voice_count":0,"_bbp_anonymous_reply_count":0,"_bbp_topic_count_hidden":0,"_bbp_reply_count_hidden":0,"_bbp_forum_subforum_count":0,"footnotes":""},"categories":[152,136],"tags":[158,156,157,155,154],"class_list":["post-1434","post","type-post","status-publish","format-standard","hentry","category-curs-19-20","category-esc-viro","tag-bon-dia-virtual","tag-la-classe-de-lesport","tag-la-classe-de-la-macedonia","tag-les-pastanagues","tag-les-sindries-contentes"],"post_mailing_queue_ids":[],"_links":{"self":[{"href":"https:\/\/agora.xtec.cat\/zercepdesis\/wp-json\/wp\/v2\/posts\/1434","targetHints":{"allow":["GET"]}}],"collection":[{"href":"https:\/\/agora.xtec.cat\/zercepdesis\/wp-json\/wp\/v2\/posts"}],"about":[{"href":"https:\/\/agora.xtec.cat\/zercepdesis\/wp-json\/wp\/v2\/types\/post"}],"author":[{"embeddable":true,"href":"https:\/\/agora.xtec.cat\/zercepdesis\/wp-json\/wp\/v2\/users\/1"}],"replies":[{"embeddable":true,"href":"https:\/\/agora.xtec.cat\/zercepdesis\/wp-json\/wp\/v2\/comments?post=1434"}],"version-history":[{"count":1,"href":"https:\/\/agora.xtec.cat\/zercepdesis\/wp-json\/wp\/v2\/posts\/1434\/revisions"}],"predecessor-version":[{"id":1435,"href":"https:\/\/agora.xtec.cat\/zercepdesis\/wp-json\/wp\/v2\/posts\/1434\/revisions\/1435"}],"wp:attachment":[{"href":"https:\/\/agora.xtec.cat\/zercepdesis\/wp-json\/wp\/v2\/media?parent=1434"}],"wp:term":[{"taxonomy":"category","embeddable":true,"href":"https:\/\/agora.xtec.cat\/zercepdesis\/wp-json\/wp\/v2\/categories?post=1434"},{"taxonomy":"post_tag","embeddable":true,"href":"https:\/\/agora.xtec.cat\/zercepdesis\/wp-json\/wp\/v2\/tags?post=1434"}],"curies":[{"name":"wp","href":"https:\/\/api.w.org\/{rel}","templated":true}]}}