{"id":1420,"date":"2020-05-05T12:35:46","date_gmt":"2020-05-05T10:35:46","guid":{"rendered":"https:\/\/agora.xtec.cat\/zercepdesis\/?p=1420"},"modified":"2021-02-28T12:38:40","modified_gmt":"2021-02-28T11:38:40","slug":"la-fruita-es-meva","status":"publish","type":"post","link":"https:\/\/agora.xtec.cat\/zercepdesis\/esc-viro\/la-fruita-es-meva\/","title":{"rendered":"LA FRUITA \u00c9S MEVA!"},"content":{"rendered":"<p style=\"font-weight: 400;\"><span style=\"font-weight: 400;\">Aquesta setmana us presentem un \u00e0lbum il\u00b7lustrat que \u00e9s titulat <\/span><span style=\"font-weight: 400;\">LA FRUITA \u00c9S MEVA.<\/span><\/p>\n<p><img loading=\"lazy\" decoding=\"async\" class=\"\" src=\"https:\/\/lh5.googleusercontent.com\/1CIY89XjPQ5bm51iKssL2aQEigphADrBmH9hZc0Kdy45olgYXIIbfi66AJA_7QXmHkaU4YtRAHMLU09_dVVX5ZNQxDLp_NytwdC1IdufeAmFkn23FSsNvl5pje-Mng3BXSnelh65\" width=\"218\" height=\"297\" \/><\/p>\n<p style=\"font-weight: 400;\">La seva autora \u00e9s l&#8217;Anuska Allepuz. Ella \u00e9s una jove il\u00b7lustradora (Madrid, 1979) que ha rebut diversos premis i nominacions pel llibre que us presentem avui.<\/p>\n<p style=\"font-weight: 400;\"><span style=\"font-weight: 400;\"><img loading=\"lazy\" decoding=\"async\" class=\"\" src=\"https:\/\/lh3.googleusercontent.com\/E075-yKLQ9lbxn72P09lnn1ndd5D6DsGZnbcQsLfFO7CplDgxU5zfmPpvWi8Ogp8zAvglTOqiCVpHlXTYArnlxe_D1qB6TOvRAlkNLFOG88o3siGEan6h53cbywSsBug6jm47z4F\" width=\"190\" height=\"207\" \/><\/span><\/p>\n<p style=\"font-weight: 400;\"><span style=\"font-weight: 400;\">Un conte dol\u00e7 <\/span><span style=\"font-family: inherit; font-size: 1em;\">i senzill que parla del treball en equip.<\/span><\/p>\n<p style=\"font-weight: 400;\"><span style=\"font-weight: 400;\">Dels beneficis de compartir i de no quedar-se les coses nom\u00e9s <\/span>per un mateix.<\/p>\n<p style=\"font-weight: 400;\"><a href=\"https:\/\/www.youtube.com\/watch?v=RyDRHEsuxVw&amp;t=145s\">LA FRUITA \u00c9S MEVA!<\/a><\/p>\n<p><span style=\"font-weight: 400;\">Hem escollit aquest conte, ja que el present que ens ha portat aquest virus ens ha mostrat la gran import\u00e0ncia de empatizar amb la resta, a saber de l\u2019altre malgrat la dist\u00e0ncia i ajudar-nos fent for\u00e7a plegats. Compartir, tamb\u00e9 \u00e9s fer costat als qui tenen una necessitat.<\/span><\/p>\n<p><span style=\"font-weight: 400;\">Nosaltres actualment lluitem contra un objectiu com\u00fa, el virus, i junts quedant-nos a casa, respectant les dist\u00e0ncies i tenint cura d\u2019un mateix i dels altres, aconseguirem v\u00e8ncer el virus i poder compartir plegats m\u00e9s moments junts a l\u2019escola.<\/span><\/p>\n<p><span style=\"font-weight: 400;\">Us trobem a faltar i esperem retrobar-nos aviat!<\/span><\/p>\n<p><span style=\"font-weight: 400;\">Una abra\u00e7ada virtual<\/span><\/p>\n<p>&nbsp;<\/p>\n<p><span style=\"font-weight: 400;\">Bon dia S\u00edndries contentes<\/span><\/p>\n<p><span style=\"font-weight: 400;\">Bon dia Pastanagues<\/span><\/p>\n<p><span style=\"font-weight: 400;\">Bon dia Esports<\/span><\/p>\n<p style=\"font-weight: 400;\">Bon dia Maced\u00f2nies<\/p>\n","protected":false},"excerpt":{"rendered":"<p>Aquesta setmana us presentem un \u00e0lbum il\u00b7lustrat que \u00e9s titulat LA FRUITA \u00c9S MEVA.<\/p>\n<p>La seva autora \u00e9s l&#8217;Anuska Allepuz. Ella \u00e9s una jove il\u00b7lustradora (Madrid, 1979) que ha rebut diversos premis i nominacions pel llibre que us presentem avui.<\/p>\n<p>Un conte dol\u00e7 i senzill que parla&hellip;  <a href=\"https:\/\/agora.xtec.cat\/zercepdesis\/esc-viro\/la-fruita-es-meva\/\" title=\"Read LA FRUITA \u00c9S MEVA!\">Llegeix m\u00e9s\u00bb<\/a><\/p>\n","protected":false},"author":1,"featured_media":0,"comment_status":"open","ping_status":"closed","sticky":false,"template":"","format":"standard","meta":{"_bbp_topic_count":0,"_bbp_reply_count":0,"_bbp_total_topic_count":0,"_bbp_total_reply_count":0,"_bbp_voice_count":0,"_bbp_anonymous_reply_count":0,"_bbp_topic_count_hidden":0,"_bbp_reply_count_hidden":0,"_bbp_forum_subforum_count":0,"footnotes":""},"categories":[152,136],"tags":[158,156,157,155,154],"class_list":["post-1420","post","type-post","status-publish","format-standard","hentry","category-curs-19-20","category-esc-viro","tag-bon-dia-virtual","tag-la-classe-de-lesport","tag-la-classe-de-la-macedonia","tag-les-pastanagues","tag-les-sindries-contentes"],"post_mailing_queue_ids":[],"_links":{"self":[{"href":"https:\/\/agora.xtec.cat\/zercepdesis\/wp-json\/wp\/v2\/posts\/1420","targetHints":{"allow":["GET"]}}],"collection":[{"href":"https:\/\/agora.xtec.cat\/zercepdesis\/wp-json\/wp\/v2\/posts"}],"about":[{"href":"https:\/\/agora.xtec.cat\/zercepdesis\/wp-json\/wp\/v2\/types\/post"}],"author":[{"embeddable":true,"href":"https:\/\/agora.xtec.cat\/zercepdesis\/wp-json\/wp\/v2\/users\/1"}],"replies":[{"embeddable":true,"href":"https:\/\/agora.xtec.cat\/zercepdesis\/wp-json\/wp\/v2\/comments?post=1420"}],"version-history":[{"count":1,"href":"https:\/\/agora.xtec.cat\/zercepdesis\/wp-json\/wp\/v2\/posts\/1420\/revisions"}],"predecessor-version":[{"id":1421,"href":"https:\/\/agora.xtec.cat\/zercepdesis\/wp-json\/wp\/v2\/posts\/1420\/revisions\/1421"}],"wp:attachment":[{"href":"https:\/\/agora.xtec.cat\/zercepdesis\/wp-json\/wp\/v2\/media?parent=1420"}],"wp:term":[{"taxonomy":"category","embeddable":true,"href":"https:\/\/agora.xtec.cat\/zercepdesis\/wp-json\/wp\/v2\/categories?post=1420"},{"taxonomy":"post_tag","embeddable":true,"href":"https:\/\/agora.xtec.cat\/zercepdesis\/wp-json\/wp\/v2\/tags?post=1420"}],"curies":[{"name":"wp","href":"https:\/\/api.w.org\/{rel}","templated":true}]}}