{"id":1406,"date":"2020-03-30T12:19:45","date_gmt":"2020-03-30T10:19:45","guid":{"rendered":"https:\/\/agora.xtec.cat\/zercepdesis\/?p=1406"},"modified":"2021-02-28T12:23:15","modified_gmt":"2021-02-28T11:23:15","slug":"el-mon-dels-contes","status":"publish","type":"post","link":"https:\/\/agora.xtec.cat\/zercepdesis\/esc-viro\/el-mon-dels-contes\/","title":{"rendered":"EL M\u00d3N DELS CONTES"},"content":{"rendered":"<p><a href=\"https:\/\/agora.xtec.cat\/zercepdesis\/wp-content\/uploads\/usu2412\/2019\/03\/T\u00cdTOL-BON-DIA-VIRTUAL.jpg\"><img loading=\"lazy\" decoding=\"async\" class=\"alignnone size-full wp-image-1228\" src=\"https:\/\/agora.xtec.cat\/zercepdesis\/wp-content\/uploads\/usu2412\/2019\/03\/T\u00cdTOL-BON-DIA-VIRTUAL.jpg\" alt=\"\" width=\"320\" height=\"229\" srcset=\"https:\/\/agora.xtec.cat\/zercepdesis\/wp-content\/uploads\/usu2412\/2019\/03\/T\u00cdTOL-BON-DIA-VIRTUAL.jpg 320w, https:\/\/agora.xtec.cat\/zercepdesis\/wp-content\/uploads\/usu2412\/2019\/03\/T\u00cdTOL-BON-DIA-VIRTUAL-300x215.jpg 300w\" sizes=\"auto, (max-width: 320px) 100vw, 320px\" \/><\/a><\/p>\n<p><span style=\"font-weight: 400;\">El conte que us porto avui \u00e9s titula UN CISTELL DE CIRERES.<\/span><\/p>\n<p><img decoding=\"async\" src=\"https:\/\/1.bp.blogspot.com\/-tsduPauEwx0\/XoGfNtcaldI\/AAAAAAAAkMU\/7ji5NGyeiuwIpnNF5bNui7xaWCbHGVedwCLcBGAsYHQ\/s200\/Cistell%2Bde%2Bcireres.jpg\" \/><\/p>\n<p style=\"font-weight: 400;\">L\u2019autora del conte que us explicar\u00e9 a continuaci\u00f3 \u00e9s l\u2019Alba Castellv\u00ed. Ella \u00e9s mestra, soci\u00f2loga i es dedica a fer formacions a fam\u00edlies, assessorament a escoles i li encanta escriure petits contes per als m\u00e9s petits i que ens fan reflexionar als m\u00e9s grans. Tamb\u00e9 \u00e9s escriptora d\u2019Educar sense cridar, una lectura molt agradable pels vostres pares i mares i fins i tot els i les mestres. Us recomano la lectura per aquests dies a casa!<\/p>\n<p><img decoding=\"async\" src=\"https:\/\/1.bp.blogspot.com\/-OBWZhsEoZAY\/XoGfyDJUEMI\/AAAAAAAAkMc\/041Kd4ph4qIfnLB8HgD9dph8_1jqwfz3wCLcBGAsYHQ\/s200\/Alba%2BCastellvi.jpg\" \/><\/p>\n<p style=\"font-weight: 400;\">El conte que us presento, a dins t\u00e9 7 petits contes per fer-nos grans. Avui us explicar\u00e9 el conte que es titula ELS ULLS DE LA LIA.<\/p>\n<p><iframe loading=\"lazy\" title=\"DIMARTS 31 04 2020 ELS ULLS DE LA LIA\" width=\"500\" height=\"281\" src=\"https:\/\/www.youtube.com\/embed\/QSN6vapjXjA?feature=oembed\" frameborder=\"0\" allow=\"accelerometer; autoplay; clipboard-write; encrypted-media; gyroscope; picture-in-picture; web-share\" referrerpolicy=\"strict-origin-when-cross-origin\" allowfullscreen><\/iframe><\/p>\n<p style=\"font-weight: 400;\">Un cop hem acabat el conte a casa podem <b>Parlar plegats del conte.<\/b><\/p>\n<ul style=\"font-weight: 400;\">\n<li style=\"font-weight: 400;\">Com es diu la protagonista d\u2019aquest conte?<\/li>\n<li style=\"font-weight: 400;\">T\u2019has sentit alguna vegada com la protagonista d\u2019aquest conte?<\/li>\n<li style=\"font-weight: 400;\">Quan la Lia est\u00e0 amo\u00efnada parla amb la seva mare. I a tu, amb qui t\u2019agrada parlar quan alguna cosa et preocupa?<\/li>\n<li style=\"font-weight: 400;\">En quines coses has millorat des que erets m\u00e9s petit?<\/li>\n<li style=\"font-weight: 400;\">En quines altres t\u2019agradaria millorar? Qu\u00e8 podries fer per millorar aquestes coses?<\/li>\n<\/ul>\n<p style=\"font-weight: 400;\"><span style=\"font-weight: 400;\">Desitjo que hagueu gaudit d\u2019aquest conte!<\/span><\/p>\n<p style=\"font-weight: 400;\"><span style=\"font-weight: 400;\">Atenci\u00f3! Recordeu una cosa molt i molt important:\u00a0<\/span><\/p>\n<p style=\"font-weight: 400;\"><i><span style=\"font-weight: 400;\">\u201cL\u2019important no \u00e9s el punt on ens trobem, sin\u00f3 el cam\u00ed que estem fent\u201d<\/span><\/i><\/p>\n<p style=\"font-weight: 400;\"><span style=\"font-weight: 400;\">Una abra\u00e7ada per totes les S\u00edndries Contentes, Pastanagues, Esports i Maced\u00f2nies. <\/span><br \/>\nEsperem que tingueu un molt BON DIA! Dem\u00e0 no us perdeu la not\u00edcia!<\/p>\n","protected":false},"excerpt":{"rendered":"<p><a href=\"https:\/\/agora.xtec.cat\/zercepdesis\/wp-content\/uploads\/usu2412\/2019\/03\/T\u00cdTOL-BON-DIA-VIRTUAL.jpg\"><\/a><br \/>\nEl conte que us porto avui \u00e9s titula UN CISTELL DE CIRERES.<\/p>\n<p>L\u2019autora del conte que us explicar\u00e9 a continuaci\u00f3 \u00e9s l\u2019Alba Castellv\u00ed. Ella \u00e9s mestra, soci\u00f2loga i es dedica a fer formacions a fam\u00edlies, assessorament a escoles i li encanta escriure petits contes per&hellip;  <a href=\"https:\/\/agora.xtec.cat\/zercepdesis\/esc-viro\/el-mon-dels-contes\/\" title=\"Read EL M\u00d3N DELS CONTES\">Llegeix m\u00e9s\u00bb<\/a><\/p>\n","protected":false},"author":1,"featured_media":1408,"comment_status":"open","ping_status":"closed","sticky":false,"template":"","format":"standard","meta":{"_bbp_topic_count":0,"_bbp_reply_count":0,"_bbp_total_topic_count":0,"_bbp_total_reply_count":0,"_bbp_voice_count":0,"_bbp_anonymous_reply_count":0,"_bbp_topic_count_hidden":0,"_bbp_reply_count_hidden":0,"_bbp_forum_subforum_count":0,"footnotes":""},"categories":[152,136],"tags":[158,156,157,155,154],"class_list":["post-1406","post","type-post","status-publish","format-standard","has-post-thumbnail","hentry","category-curs-19-20","category-esc-viro","tag-bon-dia-virtual","tag-la-classe-de-lesport","tag-la-classe-de-la-macedonia","tag-les-pastanagues","tag-les-sindries-contentes"],"post_mailing_queue_ids":[],"_links":{"self":[{"href":"https:\/\/agora.xtec.cat\/zercepdesis\/wp-json\/wp\/v2\/posts\/1406","targetHints":{"allow":["GET"]}}],"collection":[{"href":"https:\/\/agora.xtec.cat\/zercepdesis\/wp-json\/wp\/v2\/posts"}],"about":[{"href":"https:\/\/agora.xtec.cat\/zercepdesis\/wp-json\/wp\/v2\/types\/post"}],"author":[{"embeddable":true,"href":"https:\/\/agora.xtec.cat\/zercepdesis\/wp-json\/wp\/v2\/users\/1"}],"replies":[{"embeddable":true,"href":"https:\/\/agora.xtec.cat\/zercepdesis\/wp-json\/wp\/v2\/comments?post=1406"}],"version-history":[{"count":1,"href":"https:\/\/agora.xtec.cat\/zercepdesis\/wp-json\/wp\/v2\/posts\/1406\/revisions"}],"predecessor-version":[{"id":1407,"href":"https:\/\/agora.xtec.cat\/zercepdesis\/wp-json\/wp\/v2\/posts\/1406\/revisions\/1407"}],"wp:featuredmedia":[{"embeddable":true,"href":"https:\/\/agora.xtec.cat\/zercepdesis\/wp-json\/wp\/v2\/media\/1408"}],"wp:attachment":[{"href":"https:\/\/agora.xtec.cat\/zercepdesis\/wp-json\/wp\/v2\/media?parent=1406"}],"wp:term":[{"taxonomy":"category","embeddable":true,"href":"https:\/\/agora.xtec.cat\/zercepdesis\/wp-json\/wp\/v2\/categories?post=1406"},{"taxonomy":"post_tag","embeddable":true,"href":"https:\/\/agora.xtec.cat\/zercepdesis\/wp-json\/wp\/v2\/tags?post=1406"}],"curies":[{"name":"wp","href":"https:\/\/api.w.org\/{rel}","templated":true}]}}