{"id":1403,"date":"2020-05-15T12:12:16","date_gmt":"2020-05-15T10:12:16","guid":{"rendered":"https:\/\/agora.xtec.cat\/zercepdesis\/?p=1403"},"modified":"2021-02-28T12:13:57","modified_gmt":"2021-02-28T11:13:57","slug":"historia-de-la-musica-amb-5-minuts","status":"publish","type":"post","link":"https:\/\/agora.xtec.cat\/zercepdesis\/esc-viro\/historia-de-la-musica-amb-5-minuts\/","title":{"rendered":"HIST\u00d2RIA DE LA M\u00daSICA AMB 5 MINUTS"},"content":{"rendered":"<p><a href=\"https:\/\/agora.xtec.cat\/zercepdesis\/wp-content\/uploads\/usu2412\/2019\/03\/T\u00cdTOL-BON-DIA-VIRTUAL.jpg\"><img loading=\"lazy\" decoding=\"async\" class=\"alignnone size-full wp-image-1228\" src=\"https:\/\/agora.xtec.cat\/zercepdesis\/wp-content\/uploads\/usu2412\/2019\/03\/T\u00cdTOL-BON-DIA-VIRTUAL.jpg\" alt=\"\" width=\"320\" height=\"229\" srcset=\"https:\/\/agora.xtec.cat\/zercepdesis\/wp-content\/uploads\/usu2412\/2019\/03\/T\u00cdTOL-BON-DIA-VIRTUAL.jpg 320w, https:\/\/agora.xtec.cat\/zercepdesis\/wp-content\/uploads\/usu2412\/2019\/03\/T\u00cdTOL-BON-DIA-VIRTUAL-300x215.jpg 300w\" sizes=\"auto, (max-width: 320px) 100vw, 320px\" \/><\/a><\/p>\n<p style=\"font-weight: 400;\"><strong>HIST\u00d2RIA DE LA M\u00daSICA EN 5 MINUTS<\/strong><\/p>\n<p><img decoding=\"async\" src=\"https:\/\/1.bp.blogspot.com\/-K2iXtPQhj4E\/Xrz3NoefhJI\/AAAAAAAAkp4\/Xo3Tnl9VoDcF6nBvFsvE3PTlZzZ13RqnACLcBGAsYHQ\/s1600\/Hist%25C3%25B2ria%2Bde%2Bla%2BM%25C3%25BAsica.JPG\" \/><\/p>\n<p style=\"font-weight: 400;\">Cada setmana us convidem a escoltar uns minuts de m\u00fasica. Forma part del nostre dia a dia i sovint no ens adonem que estem escoltant-la. La m\u00fasica est\u00e0 a gaireb\u00e9 tot arreu, en forma de ritme, de sons, de can\u00e7ons o melodies&#8230; per\u00f2 us heu parat a pensar com va sonar la primera\u00a0<em>m\u00fasica?<\/em><\/p>\n<p style=\"font-weight: 400;\"><em>Avui us proposem fer un viatge al passat per escoltar i veure com ha evolucionat la m\u00fasica al llarg de la hist\u00f2ria.<\/em><\/p>\n<ul style=\"font-weight: 400;\">\n<li><em>Pareu b\u00e9 l\u2019orella i obriu els ulls! En tan sols 5 minuts fareu un recorregut des dels inicis de la m\u00fasica fins el segle XX d\u2019una manera divertida i clara.<\/em><\/li>\n<\/ul>\n<p>&nbsp;<\/p>\n<p style=\"font-weight: 400;\"><a href=\"https:\/\/www.youtube.com\/watch?v=YS5M25IobwA\">RECORREGUT DES DELS INICIS DE LA M\u00daSICA EL SEGLE XX\u00a0<\/a><\/p>\n<ul style=\"font-weight: 400;\">\n<li><em>El grup Pentatonix sempre fa versions de can\u00e7ons \u201ca capella\u201d (nom\u00e9s amb la veu, sense instruments). En aquest v\u00eddeo ens porten pel cam\u00ed de la m\u00fasica amb les seves veus. Escolteu b\u00e9 i us semblar\u00e0 que estan tocant instruments musicals, per\u00f2 no, tot ho fan amb les veus. Espectacular!!<\/em><\/li>\n<\/ul>\n<p>&nbsp;<\/p>\n<p style=\"font-weight: 400;\"><a href=\"https:\/\/www.youtube.com\/watch?v=MvNGi7zMiW0\">GRUP PENTATONIX<\/a><\/p>\n<p style=\"font-weight: 400;\">\nDesitgem que us hagi agradat el recorregut per la hist\u00f2ria de la m\u00fasica!<\/p>\n<p>I us enviem una abra\u00e7ada plena d&#8217;energia per gaudir del cap de setmana!<\/p>\n<p>BON DIA A TOTS I TOTES!<\/p>\n","protected":false},"excerpt":{"rendered":"<p><a href=\"https:\/\/agora.xtec.cat\/zercepdesis\/wp-content\/uploads\/usu2412\/2019\/03\/T\u00cdTOL-BON-DIA-VIRTUAL.jpg\"><\/a><br \/>\nHIST\u00d2RIA DE LA M\u00daSICA EN 5 MINUTS<\/p>\n<p>Cada setmana us convidem a escoltar uns minuts de m\u00fasica. Forma part del nostre dia a dia i sovint no ens adonem que estem escoltant-la. La m\u00fasica est\u00e0 a gaireb\u00e9 tot arreu, en forma de ritme, de sons,&hellip;  <a href=\"https:\/\/agora.xtec.cat\/zercepdesis\/esc-viro\/historia-de-la-musica-amb-5-minuts\/\" title=\"Read HIST\u00d2RIA DE LA M\u00daSICA AMB 5 MINUTS\">Llegeix m\u00e9s\u00bb<\/a><\/p>\n","protected":false},"author":1,"featured_media":1404,"comment_status":"open","ping_status":"closed","sticky":false,"template":"","format":"standard","meta":{"_bbp_topic_count":0,"_bbp_reply_count":0,"_bbp_total_topic_count":0,"_bbp_total_reply_count":0,"_bbp_voice_count":0,"_bbp_anonymous_reply_count":0,"_bbp_topic_count_hidden":0,"_bbp_reply_count_hidden":0,"_bbp_forum_subforum_count":0,"footnotes":""},"categories":[152,136],"tags":[158,156,157,155,154],"class_list":["post-1403","post","type-post","status-publish","format-standard","has-post-thumbnail","hentry","category-curs-19-20","category-esc-viro","tag-bon-dia-virtual","tag-la-classe-de-lesport","tag-la-classe-de-la-macedonia","tag-les-pastanagues","tag-les-sindries-contentes"],"post_mailing_queue_ids":[],"_links":{"self":[{"href":"https:\/\/agora.xtec.cat\/zercepdesis\/wp-json\/wp\/v2\/posts\/1403","targetHints":{"allow":["GET"]}}],"collection":[{"href":"https:\/\/agora.xtec.cat\/zercepdesis\/wp-json\/wp\/v2\/posts"}],"about":[{"href":"https:\/\/agora.xtec.cat\/zercepdesis\/wp-json\/wp\/v2\/types\/post"}],"author":[{"embeddable":true,"href":"https:\/\/agora.xtec.cat\/zercepdesis\/wp-json\/wp\/v2\/users\/1"}],"replies":[{"embeddable":true,"href":"https:\/\/agora.xtec.cat\/zercepdesis\/wp-json\/wp\/v2\/comments?post=1403"}],"version-history":[{"count":1,"href":"https:\/\/agora.xtec.cat\/zercepdesis\/wp-json\/wp\/v2\/posts\/1403\/revisions"}],"predecessor-version":[{"id":1405,"href":"https:\/\/agora.xtec.cat\/zercepdesis\/wp-json\/wp\/v2\/posts\/1403\/revisions\/1405"}],"wp:featuredmedia":[{"embeddable":true,"href":"https:\/\/agora.xtec.cat\/zercepdesis\/wp-json\/wp\/v2\/media\/1404"}],"wp:attachment":[{"href":"https:\/\/agora.xtec.cat\/zercepdesis\/wp-json\/wp\/v2\/media?parent=1403"}],"wp:term":[{"taxonomy":"category","embeddable":true,"href":"https:\/\/agora.xtec.cat\/zercepdesis\/wp-json\/wp\/v2\/categories?post=1403"},{"taxonomy":"post_tag","embeddable":true,"href":"https:\/\/agora.xtec.cat\/zercepdesis\/wp-json\/wp\/v2\/tags?post=1403"}],"curies":[{"name":"wp","href":"https:\/\/api.w.org\/{rel}","templated":true}]}}