{"id":1397,"date":"2020-05-19T12:04:00","date_gmt":"2020-05-19T10:04:00","guid":{"rendered":"https:\/\/agora.xtec.cat\/zercepdesis\/?p=1397"},"modified":"2021-02-28T12:08:16","modified_gmt":"2021-02-28T11:08:16","slug":"es-dimarts-i-toca-conte","status":"publish","type":"post","link":"https:\/\/agora.xtec.cat\/zercepdesis\/esc-viro\/es-dimarts-i-toca-conte\/","title":{"rendered":"\u00c9S DIMARTS I TOCA&#8230; CONTE"},"content":{"rendered":"<p><a href=\"https:\/\/agora.xtec.cat\/zercepdesis\/wp-content\/uploads\/usu2412\/2019\/03\/T\u00cdTOL-BON-DIA-VIRTUAL.jpg\"><img loading=\"lazy\" decoding=\"async\" class=\"alignnone size-full wp-image-1228\" src=\"https:\/\/agora.xtec.cat\/zercepdesis\/wp-content\/uploads\/usu2412\/2019\/03\/T\u00cdTOL-BON-DIA-VIRTUAL.jpg\" alt=\"\" width=\"320\" height=\"229\" srcset=\"https:\/\/agora.xtec.cat\/zercepdesis\/wp-content\/uploads\/usu2412\/2019\/03\/T\u00cdTOL-BON-DIA-VIRTUAL.jpg 320w, https:\/\/agora.xtec.cat\/zercepdesis\/wp-content\/uploads\/usu2412\/2019\/03\/T\u00cdTOL-BON-DIA-VIRTUAL-300x215.jpg 300w\" sizes=\"auto, (max-width: 320px) 100vw, 320px\" \/><\/a><\/p>\n<p style=\"font-weight: 400;\">Avui us presentem un \u00e0lbum il\u00b7lustrat porta per t\u00edtol \u201cL\u2019\u00faltima carta\u201d.<\/p>\n<p style=\"font-weight: 400;\">Aquest ens trasllada a una petita i bella illa mediterr\u00e0nia. Els seus habitants tenen la gran fortuna de comptar amb un amable carter, qui fa m\u00e9s de 50 anys que est\u00e0 en actiu i arriba a la seva darrera jornada de feina. Aquest ser\u00e0 un dia que resultar\u00e0 inoblidable per a tothom.<\/p>\n<p><img loading=\"lazy\" decoding=\"async\" class=\"\" src=\"https:\/\/1.bp.blogspot.com\/-CvuTYT6vJCQ\/Xr2TLs_e3LI\/AAAAAAAAksA\/5wRGIV4oVm0r2X7ra1z3IKWgr3i8_UamgCK4BGAsYHg\/w400-h315\/ULTIMA%2BCARTA.JPG\" width=\"326\" height=\"257\" \/><\/p>\n<p>Antonis Papatheodoulou utilitza un llenguatge po\u00e8tic i metaf\u00f2ric que juga amb els contrastos, i ens presenta un entranyable i emotiu homenatge a aquest vell ofici de repartir cartes: el protagonista \u00e9s un missatger vocacional, comprom\u00e8s amb el preuat material que transporta a la saca, carregada d\u2019afectes, records, not\u00edcies bones i dolentes&#8230;<\/p>\n<p><img decoding=\"async\" src=\"https:\/\/1.bp.blogspot.com\/-s69lOEQwfp0\/Xr2TzXLTNcI\/AAAAAAAAksY\/ruSwSNaTsNoK30cRrFzdhF92TNa6t4JzACK4BGAsYHg\/w320-h320\/PapatheodoulouAntonis_01.jpg\" \/><\/p>\n<p><span style=\"font-weight: 400;\">Les il\u00b7lustracions completen i enriqueixen el text amb un original <\/span><\/p>\n<p>collage d\u2019imatges relacionades amb el gremi postal: sobres, segells,<\/p>\n<p>paraules manuscrites que tracen la forma dels personatges\u2026<\/p>\n<p>Aquest \u00e0lbum il\u00b7lustrat va rebre El IX Premi Internacional Compostela on s\u2019hi destaca per la seva harmonia i equilibri, i una gran capacitat per transmetre tendresa i alegria, a banda de fer valdre un ofici que afavoreix les relacions entre persones i comunitats.<\/p>\n<p><a href=\"https:\/\/www.youtube.com\/watch?v=qTrIYorK158&amp;feature=youtu.be\">L\u2019\u00daLTIMA CARTA<\/a><\/p>\n<p><b>PER PARLAR-NE A CASA&#8230;<\/b><\/p>\n<p>Quines emocions es veuen reflexades a trav\u00e9s del \u00e0lbum il\u00b7lustrat?<\/p>\n<p>Com creus que es sentia el carter Costas al veure que el seu \u00faltim dia ning\u00fa estava a casa seva?<\/p>\n<p>Us agraden les il\u00b7lustracions que s\u2019utilitzen en aquest \u00e0lbum tot combinant el dibuix i el <i>collage?<\/i><\/p>\n<p><i>Desitgem que tingueu molt bon dia tots i totes!<\/i><\/p>\n","protected":false},"excerpt":{"rendered":"<p><a href=\"https:\/\/agora.xtec.cat\/zercepdesis\/wp-content\/uploads\/usu2412\/2019\/03\/T\u00cdTOL-BON-DIA-VIRTUAL.jpg\"><\/a><br \/>\nAvui us presentem un \u00e0lbum il\u00b7lustrat porta per t\u00edtol \u201cL\u2019\u00faltima carta\u201d.<br \/>\nAquest ens trasllada a una petita i bella illa mediterr\u00e0nia. Els seus habitants tenen la gran fortuna de comptar amb un amable carter, qui fa m\u00e9s de 50 anys que est\u00e0 en actiu i&hellip;  <a href=\"https:\/\/agora.xtec.cat\/zercepdesis\/esc-viro\/es-dimarts-i-toca-conte\/\" title=\"Read \u00c9S DIMARTS I TOCA&#8230; CONTE\">Llegeix m\u00e9s\u00bb<\/a><\/p>\n","protected":false},"author":1,"featured_media":1399,"comment_status":"open","ping_status":"closed","sticky":false,"template":"","format":"standard","meta":{"_bbp_topic_count":0,"_bbp_reply_count":0,"_bbp_total_topic_count":0,"_bbp_total_reply_count":0,"_bbp_voice_count":0,"_bbp_anonymous_reply_count":0,"_bbp_topic_count_hidden":0,"_bbp_reply_count_hidden":0,"_bbp_forum_subforum_count":0,"footnotes":""},"categories":[152,136],"tags":[158,156,157,155,154],"class_list":["post-1397","post","type-post","status-publish","format-standard","has-post-thumbnail","hentry","category-curs-19-20","category-esc-viro","tag-bon-dia-virtual","tag-la-classe-de-lesport","tag-la-classe-de-la-macedonia","tag-les-pastanagues","tag-les-sindries-contentes"],"post_mailing_queue_ids":[],"_links":{"self":[{"href":"https:\/\/agora.xtec.cat\/zercepdesis\/wp-json\/wp\/v2\/posts\/1397","targetHints":{"allow":["GET"]}}],"collection":[{"href":"https:\/\/agora.xtec.cat\/zercepdesis\/wp-json\/wp\/v2\/posts"}],"about":[{"href":"https:\/\/agora.xtec.cat\/zercepdesis\/wp-json\/wp\/v2\/types\/post"}],"author":[{"embeddable":true,"href":"https:\/\/agora.xtec.cat\/zercepdesis\/wp-json\/wp\/v2\/users\/1"}],"replies":[{"embeddable":true,"href":"https:\/\/agora.xtec.cat\/zercepdesis\/wp-json\/wp\/v2\/comments?post=1397"}],"version-history":[{"count":1,"href":"https:\/\/agora.xtec.cat\/zercepdesis\/wp-json\/wp\/v2\/posts\/1397\/revisions"}],"predecessor-version":[{"id":1398,"href":"https:\/\/agora.xtec.cat\/zercepdesis\/wp-json\/wp\/v2\/posts\/1397\/revisions\/1398"}],"wp:featuredmedia":[{"embeddable":true,"href":"https:\/\/agora.xtec.cat\/zercepdesis\/wp-json\/wp\/v2\/media\/1399"}],"wp:attachment":[{"href":"https:\/\/agora.xtec.cat\/zercepdesis\/wp-json\/wp\/v2\/media?parent=1397"}],"wp:term":[{"taxonomy":"category","embeddable":true,"href":"https:\/\/agora.xtec.cat\/zercepdesis\/wp-json\/wp\/v2\/categories?post=1397"},{"taxonomy":"post_tag","embeddable":true,"href":"https:\/\/agora.xtec.cat\/zercepdesis\/wp-json\/wp\/v2\/tags?post=1397"}],"curies":[{"name":"wp","href":"https:\/\/api.w.org\/{rel}","templated":true}]}}