{"id":1382,"date":"2020-06-02T11:48:54","date_gmt":"2020-06-02T09:48:54","guid":{"rendered":"https:\/\/agora.xtec.cat\/zercepdesis\/?p=1382"},"modified":"2021-02-28T11:51:37","modified_gmt":"2021-02-28T10:51:37","slug":"dimarts-toca","status":"publish","type":"post","link":"https:\/\/agora.xtec.cat\/zercepdesis\/esc-viro\/dimarts-toca\/","title":{"rendered":"DIMARTS TOCA&#8230;"},"content":{"rendered":"<p><a href=\"https:\/\/agora.xtec.cat\/zercepdesis\/wp-content\/uploads\/usu2412\/2019\/03\/T\u00cdTOL-BON-DIA-VIRTUAL.jpg\"><img loading=\"lazy\" decoding=\"async\" class=\"alignnone size-full wp-image-1228\" src=\"https:\/\/agora.xtec.cat\/zercepdesis\/wp-content\/uploads\/usu2412\/2019\/03\/T\u00cdTOL-BON-DIA-VIRTUAL.jpg\" alt=\"\" width=\"320\" height=\"229\" srcset=\"https:\/\/agora.xtec.cat\/zercepdesis\/wp-content\/uploads\/usu2412\/2019\/03\/T\u00cdTOL-BON-DIA-VIRTUAL.jpg 320w, https:\/\/agora.xtec.cat\/zercepdesis\/wp-content\/uploads\/usu2412\/2019\/03\/T\u00cdTOL-BON-DIA-VIRTUAL-300x215.jpg 300w\" sizes=\"auto, (max-width: 320px) 100vw, 320px\" \/><\/a><\/p>\n<p style=\"font-weight: 400;\"><span style=\"font-weight: 400;\">Com cada dimarts toca un conte, avui us en presentem un titulat, \u201cEstimat jo\u201d, l\u2019escriptor \u00e9s l\u2019Alain Allard i Mariona Carbassa va dissenyar i pensar aquests magn\u00edfics dibuixos que veureu en el v\u00eddeo.<\/span><\/p>\n<p><img decoding=\"async\" src=\"https:\/\/1.bp.blogspot.com\/-mqenG2XxK_k\/XtF5Q1wbaXI\/AAAAAAAAkyw\/1w_KCRdqPoc9aXBmT13BFmL77ydQJ3asQCLcBGAsYHQ\/s1600\/Estimat%2Bjo.jpg\" \/><\/p>\n<p style=\"font-weight: 400;\"><span style=\"font-weight: 400;\">Les il\u00b7lustracions de Mariona Cabassa engrandeixen aquesta hist\u00f2ria en forma d\u2019endevinalla mitjan\u00e7ant aquest esclat de color i aquesta manera de fer tan particular i delicada; s\u00f3n unes imatges amb la capacitat de captivar i hipnotitzar les mirades dels m\u00e9s menuts per\u00f2 tamb\u00e9 dels que ja som grans, que ens deixem portar pel dibuix en evocar-nos records joiosos d\u2019infantesa.<\/span><\/p>\n<p style=\"font-weight: 400;\"><span style=\"font-weight: 400;\">Per aix\u00f2, aquesta setmana us presentem el conte en format v\u00eddeo per\u00f2 des d\u2019una altra perspectiva, t\u2019animes a descobrir qu\u00e8 t\u2019aporta aquest conte?<\/span><\/p>\n<p style=\"font-weight: 400;\"><span style=\"font-weight: 400;\">Som-hi!<\/span><\/p>\n<p style=\"font-weight: 400;\"><a href=\"https:\/\/youtu.be\/UbEO47KncSk\"><span style=\"font-weight: 400;\">ESTIMAT JO<\/span><\/a><\/p>\n<p style=\"font-weight: 400;\"><span style=\"font-weight: 400;\">Un cop acabat el conte, penseu-hi&#8230; Segur que cada imatge us ha transportat algun record o viv\u00e8ncia de vosaltres mateixos. Aquest conte ens parla de la bellesa de cadasc\u00fa, d\u2019estimar-se un mateix, del reconeixement i del poder que tenim dins nostre, que sempre pots comptar amb tu mateix, sent positiu, tenint confian\u00e7a en tu, mostrant agra\u00efment, valorant i estimant-te. Ho aconseguirem a trav\u00e9s de l\u2019amor, de saber-nos escoltar, observar i estimar-nos tal com som\u2026 perqu\u00e8 som \u00fanics!!<\/span><\/p>\n<p style=\"font-weight: 400;\"><span style=\"font-weight: 400;\">Recordeu-ho sempre: <\/span>Nom\u00e9s s&#8217;hi veu b\u00e9 amb el cor &#8220;l\u2019essencial \u00e9s invisible als ulls\u201d\u00a0 El petit pr\u00edncep. Antoine de Saing -Exup\u00e9ry.<\/p>\n<p style=\"font-weight: 400;\"><span style=\"font-weight: 400;\">Que tingueu molt bon dia tots i totes!<\/span><\/p>\n","protected":false},"excerpt":{"rendered":"<p><a href=\"https:\/\/agora.xtec.cat\/zercepdesis\/wp-content\/uploads\/usu2412\/2019\/03\/T\u00cdTOL-BON-DIA-VIRTUAL.jpg\"><\/a><br \/>\nCom cada dimarts toca un conte, avui us en presentem un titulat, \u201cEstimat jo\u201d, l\u2019escriptor \u00e9s l\u2019Alain Allard i Mariona Carbassa va dissenyar i pensar aquests magn\u00edfics dibuixos que veureu en el v\u00eddeo.<\/p>\n<p>Les il\u00b7lustracions de Mariona Cabassa engrandeixen aquesta hist\u00f2ria en forma d\u2019endevinalla mitjan\u00e7ant&hellip;  <a href=\"https:\/\/agora.xtec.cat\/zercepdesis\/esc-viro\/dimarts-toca\/\" title=\"Read DIMARTS TOCA&#8230;\">Llegeix m\u00e9s\u00bb<\/a><\/p>\n","protected":false},"author":1,"featured_media":1384,"comment_status":"open","ping_status":"closed","sticky":false,"template":"","format":"standard","meta":{"_bbp_topic_count":0,"_bbp_reply_count":0,"_bbp_total_topic_count":0,"_bbp_total_reply_count":0,"_bbp_voice_count":0,"_bbp_anonymous_reply_count":0,"_bbp_topic_count_hidden":0,"_bbp_reply_count_hidden":0,"_bbp_forum_subforum_count":0,"footnotes":""},"categories":[152,136],"tags":[158,156,157,155,154,124],"class_list":["post-1382","post","type-post","status-publish","format-standard","has-post-thumbnail","hentry","category-curs-19-20","category-esc-viro","tag-bon-dia-virtual","tag-la-classe-de-lesport","tag-la-classe-de-la-macedonia","tag-les-pastanagues","tag-les-sindries-contentes","tag-portada"],"post_mailing_queue_ids":[],"_links":{"self":[{"href":"https:\/\/agora.xtec.cat\/zercepdesis\/wp-json\/wp\/v2\/posts\/1382","targetHints":{"allow":["GET"]}}],"collection":[{"href":"https:\/\/agora.xtec.cat\/zercepdesis\/wp-json\/wp\/v2\/posts"}],"about":[{"href":"https:\/\/agora.xtec.cat\/zercepdesis\/wp-json\/wp\/v2\/types\/post"}],"author":[{"embeddable":true,"href":"https:\/\/agora.xtec.cat\/zercepdesis\/wp-json\/wp\/v2\/users\/1"}],"replies":[{"embeddable":true,"href":"https:\/\/agora.xtec.cat\/zercepdesis\/wp-json\/wp\/v2\/comments?post=1382"}],"version-history":[{"count":1,"href":"https:\/\/agora.xtec.cat\/zercepdesis\/wp-json\/wp\/v2\/posts\/1382\/revisions"}],"predecessor-version":[{"id":1383,"href":"https:\/\/agora.xtec.cat\/zercepdesis\/wp-json\/wp\/v2\/posts\/1382\/revisions\/1383"}],"wp:featuredmedia":[{"embeddable":true,"href":"https:\/\/agora.xtec.cat\/zercepdesis\/wp-json\/wp\/v2\/media\/1384"}],"wp:attachment":[{"href":"https:\/\/agora.xtec.cat\/zercepdesis\/wp-json\/wp\/v2\/media?parent=1382"}],"wp:term":[{"taxonomy":"category","embeddable":true,"href":"https:\/\/agora.xtec.cat\/zercepdesis\/wp-json\/wp\/v2\/categories?post=1382"},{"taxonomy":"post_tag","embeddable":true,"href":"https:\/\/agora.xtec.cat\/zercepdesis\/wp-json\/wp\/v2\/tags?post=1382"}],"curies":[{"name":"wp","href":"https:\/\/api.w.org\/{rel}","templated":true}]}}