{"id":1377,"date":"2020-06-09T11:40:33","date_gmt":"2020-06-09T09:40:33","guid":{"rendered":"https:\/\/agora.xtec.cat\/zercepdesis\/?p=1377"},"modified":"2021-02-28T11:46:23","modified_gmt":"2021-02-28T10:46:23","slug":"conte-per-que-plorem","status":"publish","type":"post","link":"https:\/\/agora.xtec.cat\/zercepdesis\/esc-viro\/conte-per-que-plorem\/","title":{"rendered":"CONTE: PER QU\u00c8 PLOREM?"},"content":{"rendered":"<p><a href=\"https:\/\/agora.xtec.cat\/zercepdesis\/wp-content\/uploads\/usu2412\/2019\/03\/T\u00cdTOL-BON-DIA-VIRTUAL.jpg\"><img loading=\"lazy\" decoding=\"async\" class=\"alignnone size-full wp-image-1228\" src=\"https:\/\/agora.xtec.cat\/zercepdesis\/wp-content\/uploads\/usu2412\/2019\/03\/T\u00cdTOL-BON-DIA-VIRTUAL.jpg\" alt=\"\" width=\"320\" height=\"229\" srcset=\"https:\/\/agora.xtec.cat\/zercepdesis\/wp-content\/uploads\/usu2412\/2019\/03\/T\u00cdTOL-BON-DIA-VIRTUAL.jpg 320w, https:\/\/agora.xtec.cat\/zercepdesis\/wp-content\/uploads\/usu2412\/2019\/03\/T\u00cdTOL-BON-DIA-VIRTUAL-300x215.jpg 300w\" sizes=\"auto, (max-width: 320px) 100vw, 320px\" \/><\/a><\/p>\n<p style=\"font-weight: 400;\"><strong>Avui us compartim un conte que es diu \u201cPER QU\u00c8 PLOREM?\u201d.<\/strong><\/p>\n<p><a href=\"https:\/\/agora.xtec.cat\/zercepdesis\/wp-content\/uploads\/usu2412\/2021\/02\/Captura-4.png\"><img loading=\"lazy\" decoding=\"async\" class=\"alignnone size-full wp-image-1378\" src=\"https:\/\/agora.xtec.cat\/zercepdesis\/wp-content\/uploads\/usu2412\/2021\/02\/Captura-4.png\" alt=\"\" width=\"324\" height=\"297\" srcset=\"https:\/\/agora.xtec.cat\/zercepdesis\/wp-content\/uploads\/usu2412\/2021\/02\/Captura-4.png 324w, https:\/\/agora.xtec.cat\/zercepdesis\/wp-content\/uploads\/usu2412\/2021\/02\/Captura-4-300x275.png 300w\" sizes=\"auto, (max-width: 324px) 100vw, 324px\" \/><\/a><\/p>\n<p style=\"font-weight: 400;\"><strong>\u00c9s un conte escrit per Fran Pintareda, il.lustrat per Ana Sender i tradu\u00eft al catal\u00e0 per Tina Vall\u00e8s.<\/strong><\/p>\n<p style=\"font-weight: 400;\"><span style=\"font-family: inherit; font-size: 1em;\"><br \/>\n\u00c9s un conte amb aire de poema i il.lustrat, on intenta respondre la pregunta d\u2019un nen: PER QU\u00c8 PLOREM? La resposta de la mare del protagonista del conte ofereix diferents situacions i les diferents emocions que ens porten a plorar: r\u00e0bia, frustaci\u00f3, solitud, alegria, impot\u00e8ncia, incomprensi\u00f3, amor&#8230;<\/span><strong>Per qu\u00e8 plorem?\u00a0<\/strong><\/p>\n<p style=\"font-weight: 400;\">Amb el conte podem identificar tots aquells sentiments i emocions que ens porten a produir ll\u00e0grimes i treure-les fora per alleugerir el que sentim o, simplement, per expressar-ho.<\/p>\n<p style=\"font-weight: 400;\"><a href=\"https:\/\/www.youtube.com\/watch?v=OzDfucJb_F0\">https:\/\/www.youtube.com\/watch?v=OzDfucJb_F0<\/a><\/p>\n<p style=\"font-weight: 400;\">Que gaudiu del conte<\/p>\n<p style=\"font-weight: 400;\">i bon dia a tots i totes.<\/p>\n<p style=\"font-weight: 400;\">Una abra\u00e7ada,<\/p>\n<p style=\"font-weight: 400;\">(amb o sense ll\u00e0grimes)<\/p>\n","protected":false},"excerpt":{"rendered":"<p><a href=\"https:\/\/agora.xtec.cat\/zercepdesis\/wp-content\/uploads\/usu2412\/2019\/03\/T\u00cdTOL-BON-DIA-VIRTUAL.jpg\"><\/a><br \/>\nAvui us compartim un conte que es diu \u201cPER QU\u00c8 PLOREM?\u201d.<br \/>\n<a href=\"https:\/\/agora.xtec.cat\/zercepdesis\/wp-content\/uploads\/usu2412\/2021\/02\/Captura-4.png\"><\/a><br \/>\n\u00c9s un conte escrit per Fran Pintareda, il.lustrat per Ana Sender i tradu\u00eft al catal\u00e0 per Tina Vall\u00e8s.<\/p>\n<p>\u00c9s un conte amb aire de poema i il.lustrat, on intenta respondre la pregunta d\u2019un nen:&hellip;  <a href=\"https:\/\/agora.xtec.cat\/zercepdesis\/esc-viro\/conte-per-que-plorem\/\" title=\"Read CONTE: PER QU\u00c8 PLOREM?\">Llegeix m\u00e9s\u00bb<\/a><\/p>\n","protected":false},"author":1,"featured_media":0,"comment_status":"open","ping_status":"closed","sticky":false,"template":"","format":"standard","meta":{"_bbp_topic_count":0,"_bbp_reply_count":0,"_bbp_total_topic_count":0,"_bbp_total_reply_count":0,"_bbp_voice_count":0,"_bbp_anonymous_reply_count":0,"_bbp_topic_count_hidden":0,"_bbp_reply_count_hidden":0,"_bbp_forum_subforum_count":0,"footnotes":""},"categories":[152,136],"tags":[158,156,157,155,154],"class_list":["post-1377","post","type-post","status-publish","format-standard","hentry","category-curs-19-20","category-esc-viro","tag-bon-dia-virtual","tag-la-classe-de-lesport","tag-la-classe-de-la-macedonia","tag-les-pastanagues","tag-les-sindries-contentes"],"post_mailing_queue_ids":[],"_links":{"self":[{"href":"https:\/\/agora.xtec.cat\/zercepdesis\/wp-json\/wp\/v2\/posts\/1377","targetHints":{"allow":["GET"]}}],"collection":[{"href":"https:\/\/agora.xtec.cat\/zercepdesis\/wp-json\/wp\/v2\/posts"}],"about":[{"href":"https:\/\/agora.xtec.cat\/zercepdesis\/wp-json\/wp\/v2\/types\/post"}],"author":[{"embeddable":true,"href":"https:\/\/agora.xtec.cat\/zercepdesis\/wp-json\/wp\/v2\/users\/1"}],"replies":[{"embeddable":true,"href":"https:\/\/agora.xtec.cat\/zercepdesis\/wp-json\/wp\/v2\/comments?post=1377"}],"version-history":[{"count":1,"href":"https:\/\/agora.xtec.cat\/zercepdesis\/wp-json\/wp\/v2\/posts\/1377\/revisions"}],"predecessor-version":[{"id":1379,"href":"https:\/\/agora.xtec.cat\/zercepdesis\/wp-json\/wp\/v2\/posts\/1377\/revisions\/1379"}],"wp:attachment":[{"href":"https:\/\/agora.xtec.cat\/zercepdesis\/wp-json\/wp\/v2\/media?parent=1377"}],"wp:term":[{"taxonomy":"category","embeddable":true,"href":"https:\/\/agora.xtec.cat\/zercepdesis\/wp-json\/wp\/v2\/categories?post=1377"},{"taxonomy":"post_tag","embeddable":true,"href":"https:\/\/agora.xtec.cat\/zercepdesis\/wp-json\/wp\/v2\/tags?post=1377"}],"curies":[{"name":"wp","href":"https:\/\/api.w.org\/{rel}","templated":true}]}}