{"id":1374,"date":"2020-06-12T11:35:39","date_gmt":"2020-06-12T09:35:39","guid":{"rendered":"https:\/\/agora.xtec.cat\/zercepdesis\/?p=1374"},"modified":"2021-02-28T12:18:12","modified_gmt":"2021-02-28T11:18:12","slug":"musica-pel-medi-ambient","status":"publish","type":"post","link":"https:\/\/agora.xtec.cat\/zercepdesis\/esc-viro\/musica-pel-medi-ambient\/","title":{"rendered":"M\u00daSICA PEL MEDI AMBIENT"},"content":{"rendered":"<p style=\"font-weight: 400;\">El dia <strong>5 de juny<\/strong> \u00e9s el dia internacional del <strong>Medi Ambient.<\/strong><\/p>\n<p style=\"font-weight: 400;\">Una setmana despr\u00e9s vull compartir un <strong>PROJECTE MUSICAL<\/strong> molt interessant.<\/p>\n<p style=\"font-weight: 400;\"><span style=\"font-weight: 400;\"> Aquest <\/span><strong>dimecres<\/strong><span style=\"font-weight: 400;\"> vam explicar <\/span><strong>la not\u00edcia<\/strong><span style=\"font-weight: 400;\"> que c<\/span>ada cop hi ha m\u00e9s evid\u00e8ncies que el <strong>canvi clim\u00e0tic<\/strong> \u00e9s un problema que afecta a tot el m\u00f3n i es veu la necessitat d\u2019adoptar mesures urgents per evitar els seus efectes. Cal que prenguem consci\u00e8ncia del moment en qu\u00e8 ens trobem i lluitem, individualment i col\u00b7lectivament. Les persones anem adquirint costums saludables en el dia a dia (un seguit d\u2019h\u00e0bits) que contribueixen a\u00a0 fer <strong>un consum i un m\u00f3n m\u00e9s sostenible.<\/strong><\/p>\n<p><a href=\"https:\/\/www.youtube.com\/watch?v=vZ4pyFUqEaI&amp;feature=youtu.be\"><img decoding=\"async\" src=\"https:\/\/lh3.googleusercontent.com\/wXh6hi58462tl_2QtgqguZ-vLBp_sA7eVdmDE0UZNG65uP4JE5IJUwSOXiuTFFgqc6YV8XOxcdXSqv89Fd3zKYbmjcrYDMUGPzdsnoBiNNsN4B0tAIZ8DVvU_3bT8_LPvfwMBo0\" alt=\"Imatge de l'article\" \/><\/a><\/p>\n<p style=\"font-weight: 400;\"><b style=\"font-family: inherit; font-size: 1em;\">DONA LA NOTA, encara hi som a temps<\/b><span style=\"font-family: inherit; font-size: 1em;\">\u00a0\u00e9s una iniciativa que pret\u00e9n que nens i nenes, nois i noies dels centres educatius de Catalunya prenguin consci\u00e8ncia sobre el moment que vivim d\u2019emerg\u00e8ncia clim\u00e0tica i ambiental, i <\/span><strong style=\"font-family: inherit; font-size: 1em;\">participin de forma activa en el seu entorn m\u00e9s proper.<\/strong><\/p>\n<p style=\"font-weight: 400;\">Aquest any 2020 i coincidint el 5 de juny amb el dia internacional de Medi<\/p>\n<p style=\"font-weight: 400;\">Ambient, Dona la Nota ha creat <strong>UNA CAN\u00c7\u00d3 <\/strong>per reivindicar la salut del<\/p>\n<p style=\"font-weight: 400;\">planeta Terra. Aqu\u00ed us deixem l\u2019enlla\u00e7 perqu\u00e8 l\u2019escolteu i reflexioneu&#8230;<\/p>\n<p style=\"font-weight: 400;\"><strong><a href=\"https:\/\/youtu.be\/z5csyfS5B_o\">ENCARA HI SOM A TEMPS!<\/a><\/strong><\/p>\n<p style=\"font-weight: 400;\"><strong>BON CAP DE SETMANA A TOTHOM!<\/strong><\/p>\n","protected":false},"excerpt":{"rendered":"<p>El dia 5 de juny \u00e9s el dia internacional del Medi Ambient.<br \/>\nUna setmana despr\u00e9s vull compartir un PROJECTE MUSICAL molt interessant.<br \/>\n Aquest dimecres vam explicar la not\u00edcia que cada cop hi ha m\u00e9s evid\u00e8ncies que el canvi clim\u00e0tic \u00e9s un problema que afecta a tot&hellip;  <a href=\"https:\/\/agora.xtec.cat\/zercepdesis\/esc-viro\/musica-pel-medi-ambient\/\" title=\"Read M\u00daSICA PEL MEDI AMBIENT\">Llegeix m\u00e9s\u00bb<\/a><\/p>\n","protected":false},"author":1,"featured_media":0,"comment_status":"open","ping_status":"closed","sticky":false,"template":"","format":"standard","meta":{"_bbp_topic_count":0,"_bbp_reply_count":0,"_bbp_total_topic_count":0,"_bbp_total_reply_count":0,"_bbp_voice_count":0,"_bbp_anonymous_reply_count":0,"_bbp_topic_count_hidden":0,"_bbp_reply_count_hidden":0,"_bbp_forum_subforum_count":0,"footnotes":""},"categories":[152,136],"tags":[158,156,157,155,154],"class_list":["post-1374","post","type-post","status-publish","format-standard","hentry","category-curs-19-20","category-esc-viro","tag-bon-dia-virtual","tag-la-classe-de-lesport","tag-la-classe-de-la-macedonia","tag-les-pastanagues","tag-les-sindries-contentes"],"post_mailing_queue_ids":[],"_links":{"self":[{"href":"https:\/\/agora.xtec.cat\/zercepdesis\/wp-json\/wp\/v2\/posts\/1374","targetHints":{"allow":["GET"]}}],"collection":[{"href":"https:\/\/agora.xtec.cat\/zercepdesis\/wp-json\/wp\/v2\/posts"}],"about":[{"href":"https:\/\/agora.xtec.cat\/zercepdesis\/wp-json\/wp\/v2\/types\/post"}],"author":[{"embeddable":true,"href":"https:\/\/agora.xtec.cat\/zercepdesis\/wp-json\/wp\/v2\/users\/1"}],"replies":[{"embeddable":true,"href":"https:\/\/agora.xtec.cat\/zercepdesis\/wp-json\/wp\/v2\/comments?post=1374"}],"version-history":[{"count":2,"href":"https:\/\/agora.xtec.cat\/zercepdesis\/wp-json\/wp\/v2\/posts\/1374\/revisions"}],"predecessor-version":[{"id":1376,"href":"https:\/\/agora.xtec.cat\/zercepdesis\/wp-json\/wp\/v2\/posts\/1374\/revisions\/1376"}],"wp:attachment":[{"href":"https:\/\/agora.xtec.cat\/zercepdesis\/wp-json\/wp\/v2\/media?parent=1374"}],"wp:term":[{"taxonomy":"category","embeddable":true,"href":"https:\/\/agora.xtec.cat\/zercepdesis\/wp-json\/wp\/v2\/categories?post=1374"},{"taxonomy":"post_tag","embeddable":true,"href":"https:\/\/agora.xtec.cat\/zercepdesis\/wp-json\/wp\/v2\/tags?post=1374"}],"curies":[{"name":"wp","href":"https:\/\/api.w.org\/{rel}","templated":true}]}}