{"id":1364,"date":"2020-04-23T11:22:27","date_gmt":"2020-04-23T09:22:27","guid":{"rendered":"https:\/\/agora.xtec.cat\/zercepdesis\/?p=1364"},"modified":"2021-02-28T11:56:44","modified_gmt":"2021-02-28T10:56:44","slug":"una-diada-de-sant-jordi-diferent","status":"publish","type":"post","link":"https:\/\/agora.xtec.cat\/zercepdesis\/esc-viro\/una-diada-de-sant-jordi-diferent\/","title":{"rendered":"UNA DIADA DE SANT JORDI DIFERENT"},"content":{"rendered":"<p><a href=\"https:\/\/agora.xtec.cat\/zercepdesis\/wp-content\/uploads\/usu2412\/2019\/03\/T\u00cdTOL-BON-DIA-VIRTUAL.jpg\"><img loading=\"lazy\" decoding=\"async\" class=\"alignnone size-full wp-image-1228\" src=\"https:\/\/agora.xtec.cat\/zercepdesis\/wp-content\/uploads\/usu2412\/2019\/03\/T\u00cdTOL-BON-DIA-VIRTUAL.jpg\" alt=\"\" width=\"320\" height=\"229\" srcset=\"https:\/\/agora.xtec.cat\/zercepdesis\/wp-content\/uploads\/usu2412\/2019\/03\/T\u00cdTOL-BON-DIA-VIRTUAL.jpg 320w, https:\/\/agora.xtec.cat\/zercepdesis\/wp-content\/uploads\/usu2412\/2019\/03\/T\u00cdTOL-BON-DIA-VIRTUAL-300x215.jpg 300w\" sizes=\"auto, (max-width: 320px) 100vw, 320px\" \/><\/a><\/p>\n<p>Avui celebrem la Diada de Sant Jordi, on els records ens porten a les paradetes per triar un llibre per emportar-nos a casa, comprant una rosa per les persones que estimem! S\u00f3n tants els records, per\u00f2 aquest any junts constru\u00efrem un Sant Jordi diferent!<\/p>\n<div class=\"separator\"><a href=\"https:\/\/1.bp.blogspot.com\/-rRvYdPNDYi8\/Xp_fuGIYhkI\/AAAAAAAAkWk\/BCeEQT-sCm4648HPiWcWlDS81-Js0Td2ACLcBGAsYHQ\/s1600\/llibre.JPG\"><img loading=\"lazy\" decoding=\"async\" src=\"https:\/\/1.bp.blogspot.com\/-rRvYdPNDYi8\/Xp_fuGIYhkI\/AAAAAAAAkWk\/BCeEQT-sCm4648HPiWcWlDS81-Js0Td2ACLcBGAsYHQ\/s200\/llibre.JPG\" width=\"200\" height=\"183\" border=\"0\" data-original-height=\"169\" data-original-width=\"183\" \/><\/a><a href=\"https:\/\/1.bp.blogspot.com\/-1excJhQJAos\/Xp_kCFBJ1tI\/AAAAAAAAkXI\/8sab_ZqxPLEG_4A4GRRpg7k9JVqAGmMUgCLcBGAsYHQ\/s1600\/feli%25C3%25A7-sant-jordi-2.jpg\"><img loading=\"lazy\" decoding=\"async\" class=\"\" src=\"https:\/\/1.bp.blogspot.com\/-1excJhQJAos\/Xp_kCFBJ1tI\/AAAAAAAAkXI\/8sab_ZqxPLEG_4A4GRRpg7k9JVqAGmMUgCLcBGAsYHQ\/s400\/feli%25C3%25A7-sant-jordi-2.jpg\" width=\"263\" height=\"207\" border=\"0\" data-original-height=\"1260\" data-original-width=\"1600\" \/> \u00a0 \u00a0<\/a><\/div>\n<div><\/div>\n<div><\/div>\n<div><\/div>\n<div class=\"separator\"><a href=\"https:\/\/1.bp.blogspot.com\/-1excJhQJAos\/Xp_kCFBJ1tI\/AAAAAAAAkXI\/8sab_ZqxPLEG_4A4GRRpg7k9JVqAGmMUgCLcBGAsYHQ\/s1600\/feli%25C3%25A7-sant-jordi-2.jpg\">\u00a0<\/a><a href=\"https:\/\/1.bp.blogspot.com\/-drDywMO9Y3E\/Xp_kfUR3mUI\/AAAAAAAAkXQ\/sw3cBJrqstMnETwEdTgAGssaNrJAVOevQCLcBGAsYHQ\/s1600\/feli%25C3%25A7-diada-de-sant-jordi-2.jpg\"><img loading=\"lazy\" decoding=\"async\" class=\"\" src=\"https:\/\/1.bp.blogspot.com\/-drDywMO9Y3E\/Xp_kfUR3mUI\/AAAAAAAAkXQ\/sw3cBJrqstMnETwEdTgAGssaNrJAVOevQCLcBGAsYHQ\/s320\/feli%25C3%25A7-diada-de-sant-jordi-2.jpg\" width=\"192\" height=\"202\" border=\"0\" data-original-height=\"1277\" data-original-width=\"1212\" \/> \u00a0 \u00a0<\/a><a href=\"https:\/\/1.bp.blogspot.com\/-j0z4FZYTr7E\/Xp_f5sQcWcI\/AAAAAAAAkWo\/OOopSeILUVMlPSI5t03Lq817917QsFsxwCLcBGAsYHQ\/s1600\/rosa.JPG\"><img loading=\"lazy\" decoding=\"async\" class=\"\" src=\"https:\/\/1.bp.blogspot.com\/-j0z4FZYTr7E\/Xp_f5sQcWcI\/AAAAAAAAkWo\/OOopSeILUVMlPSI5t03Lq817917QsFsxwCLcBGAsYHQ\/s200\/rosa.JPG\" width=\"155\" height=\"144\" border=\"0\" data-original-height=\"192\" data-original-width=\"206\" \/><\/a><\/div>\n<div><\/div>\n<div><\/div>\n<div><\/div>\n<p>Aquest any i tal com diu una can\u00e7\u00f3 de Txarango &#8220;aquesta primavera com el Sant Jordi no floreix com tothom esperava&#8230;&#8221;.<\/p>\n<p>Us convidem a escoltar-la, a pensar-hi per\u00f2 a sobretot, donar la volta aquesta situaci\u00f3.<\/p>\n<div><\/div>\n<div class=\"separator\"><iframe loading=\"lazy\" src=\"https:\/\/www.youtube.com\/embed\/7crv0R_kvYY?feature=player_embedded\" width=\"320\" height=\"266\" frameborder=\"0\" data-thumbnail-src=\"https:\/\/i.ytimg.com\/vi\/7crv0R_kvYY\/0.jpg\" data-mce-fragment=\"1\"><\/iframe><\/div>\n<div><\/div>\n<div><\/div>\n<p>Sabeu qu\u00e8 podeu fer perqu\u00e8 aquest Sant Jordi sigui igual d&#8217;especial com la resta?<\/p>\n<p>Podeu anar al jard\u00ed de casa vostra i recollir la rosa m\u00e9s bonica que trobeu i si no teniu cap roser, en podeu fer una de ben bonica.<\/p>\n<p>Tamb\u00e9 podeu buscar per casa tots aquells contes que fa temps que no mireu, segur que hi descobriu nous aprenentatges i trobareu un llibre qu\u00e8 el sabreu valorar m\u00e9s que abans.<\/p>\n<p>I sabeu qu\u00e8? Coneixem una poesia molt bonica que us podeu aprendre per recitar-li als pares o els avis i fins i tot als ve\u00efns i ve\u00efnes.<\/p>\n<div class=\"separator\"><a href=\"https:\/\/1.bp.blogspot.com\/-eZn7Y-wpCHg\/Xp_mG2WLabI\/AAAAAAAAkXc\/WSH8eg72vXEYYnI0nMWnxgj733jQ6x20QCLcBGAsYHQ\/s1600\/el%2Bcavaller%2Benamorat.jpg\"><img loading=\"lazy\" decoding=\"async\" src=\"https:\/\/1.bp.blogspot.com\/-eZn7Y-wpCHg\/Xp_mG2WLabI\/AAAAAAAAkXc\/WSH8eg72vXEYYnI0nMWnxgj733jQ6x20QCLcBGAsYHQ\/s400\/el%2Bcavaller%2Benamorat.jpg\" width=\"400\" height=\"282\" border=\"0\" data-original-height=\"198\" data-original-width=\"280\" \/><\/a><\/div>\n<div><\/div>\n<div><\/div>\n<div class=\"separator\"><a href=\"https:\/\/1.bp.blogspot.com\/-FNYykpERxks\/Xp_o-YwPiVI\/AAAAAAAAkXo\/Q8E1_txzKcULQYcCrvHdBkgMGUap5jOGACLcBGAsYHQ\/s1600\/sant%2Bjordi%2B2020.jpg\"><img loading=\"lazy\" decoding=\"async\" class=\"\" src=\"https:\/\/1.bp.blogspot.com\/-FNYykpERxks\/Xp_o-YwPiVI\/AAAAAAAAkXo\/Q8E1_txzKcULQYcCrvHdBkgMGUap5jOGACLcBGAsYHQ\/s640\/sant%2Bjordi%2B2020.jpg\" width=\"325\" height=\"459\" border=\"0\" data-original-height=\"1527\" data-original-width=\"1080\" \/><\/a><\/div>\n<div><\/div>\n<div><\/div>\n<div><\/div>\n<div>Tot l&#8217;equip de mestres us desitgem molt bona Diada de Sant Jordi!<\/div>\n<div><\/div>\n<div><\/div>\n<div>Recordeu una cosa&#8230;<\/div>\n<div><\/div>\n<div><\/div>\n<div><\/div>\n<div class=\"separator\"><a href=\"https:\/\/1.bp.blogspot.com\/-WOU0J5K87D4\/Xp_pQFArNzI\/AAAAAAAAkXw\/AOuNPpu_FE8q655bJMur_PT9MwkQm2rnwCLcBGAsYHQ\/s1600\/Estimeu.jpg\"><img loading=\"lazy\" decoding=\"async\" src=\"https:\/\/1.bp.blogspot.com\/-WOU0J5K87D4\/Xp_pQFArNzI\/AAAAAAAAkXw\/AOuNPpu_FE8q655bJMur_PT9MwkQm2rnwCLcBGAsYHQ\/s400\/Estimeu.jpg\" width=\"400\" height=\"283\" border=\"0\" data-original-height=\"189\" data-original-width=\"267\" \/><\/a><\/div>\n<div><\/div>\n<div><\/div>\n<p>Bon dia S\u00edndries contentes,<\/p>\n<p>Bon dia Pastanagues,<\/p>\n<p>Bon dia Esports,<\/p>\n<p>Bon dia Maced\u00f2nies!<\/p>\n","protected":false},"excerpt":{"rendered":"<p><a href=\"https:\/\/agora.xtec.cat\/zercepdesis\/wp-content\/uploads\/usu2412\/2019\/03\/T\u00cdTOL-BON-DIA-VIRTUAL.jpg\"><\/a><br \/>\nAvui celebrem la Diada de Sant Jordi, on els records ens porten a les paradetes per triar un llibre per emportar-nos a casa, comprant una rosa per les persones que estimem! S\u00f3n tants els records, per\u00f2 aquest any junts constru\u00efrem un Sant Jordi diferent!<br \/>\n<a&hellip;  <a href=\"https:\/\/agora.xtec.cat\/zercepdesis\/esc-viro\/una-diada-de-sant-jordi-diferent\/\" title=\"Read UNA DIADA DE SANT JORDI DIFERENT\">Llegeix m\u00e9s\u00bb<\/a><\/p>\n","protected":false},"author":1,"featured_media":1367,"comment_status":"open","ping_status":"closed","sticky":false,"template":"","format":"standard","meta":{"_bbp_topic_count":0,"_bbp_reply_count":0,"_bbp_total_topic_count":0,"_bbp_total_reply_count":0,"_bbp_voice_count":0,"_bbp_anonymous_reply_count":0,"_bbp_topic_count_hidden":0,"_bbp_reply_count_hidden":0,"_bbp_forum_subforum_count":0,"footnotes":""},"categories":[152,136],"tags":[158,156,157,155,154],"class_list":["post-1364","post","type-post","status-publish","format-standard","has-post-thumbnail","hentry","category-curs-19-20","category-esc-viro","tag-bon-dia-virtual","tag-la-classe-de-lesport","tag-la-classe-de-la-macedonia","tag-les-pastanagues","tag-les-sindries-contentes"],"post_mailing_queue_ids":[],"_links":{"self":[{"href":"https:\/\/agora.xtec.cat\/zercepdesis\/wp-json\/wp\/v2\/posts\/1364","targetHints":{"allow":["GET"]}}],"collection":[{"href":"https:\/\/agora.xtec.cat\/zercepdesis\/wp-json\/wp\/v2\/posts"}],"about":[{"href":"https:\/\/agora.xtec.cat\/zercepdesis\/wp-json\/wp\/v2\/types\/post"}],"author":[{"embeddable":true,"href":"https:\/\/agora.xtec.cat\/zercepdesis\/wp-json\/wp\/v2\/users\/1"}],"replies":[{"embeddable":true,"href":"https:\/\/agora.xtec.cat\/zercepdesis\/wp-json\/wp\/v2\/comments?post=1364"}],"version-history":[{"count":3,"href":"https:\/\/agora.xtec.cat\/zercepdesis\/wp-json\/wp\/v2\/posts\/1364\/revisions"}],"predecessor-version":[{"id":1390,"href":"https:\/\/agora.xtec.cat\/zercepdesis\/wp-json\/wp\/v2\/posts\/1364\/revisions\/1390"}],"wp:featuredmedia":[{"embeddable":true,"href":"https:\/\/agora.xtec.cat\/zercepdesis\/wp-json\/wp\/v2\/media\/1367"}],"wp:attachment":[{"href":"https:\/\/agora.xtec.cat\/zercepdesis\/wp-json\/wp\/v2\/media?parent=1364"}],"wp:term":[{"taxonomy":"category","embeddable":true,"href":"https:\/\/agora.xtec.cat\/zercepdesis\/wp-json\/wp\/v2\/categories?post=1364"},{"taxonomy":"post_tag","embeddable":true,"href":"https:\/\/agora.xtec.cat\/zercepdesis\/wp-json\/wp\/v2\/tags?post=1364"}],"curies":[{"name":"wp","href":"https:\/\/api.w.org\/{rel}","templated":true}]}}