{"id":1361,"date":"2020-04-21T11:20:31","date_gmt":"2020-04-21T09:20:31","guid":{"rendered":"https:\/\/agora.xtec.cat\/zercepdesis\/?p=1361"},"modified":"2021-02-28T11:22:08","modified_gmt":"2021-02-28T10:22:08","slug":"un-conte-especial","status":"publish","type":"post","link":"https:\/\/agora.xtec.cat\/zercepdesis\/esc-viro\/un-conte-especial\/","title":{"rendered":"UN CONTE ESPECIAL"},"content":{"rendered":"<p style=\"font-weight: 400;\">Aquesta setmana el calendari ens marca una data important,\u00a0<em>el dia 23 d\u2019abril, Diada de Sant Jordi.<\/em><\/p>\n<p><img decoding=\"async\" src=\"https:\/\/1.bp.blogspot.com\/-5OutUZnmDtg\/XpydmeABZDI\/AAAAAAAAkVE\/vmlqCzqk38UM8-3VsmYppsZ-mO9KsKh1wCLcBGAsYHQ\/s1600\/Sant-Jordi-virtual.png\" \/><\/p>\n<p style=\"font-weight: 400;\"><span style=\"font-weight: 400;\">Un data especial, on sortim al carrer a comprar llibres i roses per tots i totes les persones que estimem.\u00a0<\/span><\/p>\n<p style=\"font-weight: 400;\"><span style=\"font-weight: 400;\">Per\u00f2 aquest any ser\u00e0 un any diferent, ja que el male\u00eft virus que tenim arreu del m\u00f3n, ens a capgirat les nostres vides.<\/span><\/p>\n<p style=\"font-weight: 400;\"><span style=\"font-weight: 400;\">A continuaci\u00f3, us presentem la Llegenda de Sant Jordi, una llegenda alternativa, on es relata la hist\u00f2ria d\u2019un poble afectat pel coronavirus.\u00a0\u00a0<\/span><\/p>\n<p style=\"font-weight: 400;\"><span style=\"font-weight: 400;\">Esperem que en gaudiu!<\/span><\/p>\n<p style=\"font-weight: 400;\"><b><a href=\"https:\/\/youtu.be\/uLcpxjwRXyc\">V\u00cdDEO\u00a0<\/a><\/b><\/p>\n<p style=\"font-weight: 400;\"><span style=\"font-weight: 400;\">Tal com relata la llegenda que us hem explicat, el vostre balc\u00f3 ha de quedar ben engalanat. Per aix\u00f2, us deixem un tutorial de la Casa Batll\u00f3 de Barcelona que us donen pistes de com podeu decorar les vostres finestres i balcons.\u00a0<\/span><\/p>\n<p style=\"font-weight: 400;\"><a href=\"https:\/\/www.facebook.com\/watch\/?v=362380174695979\">TUTORIAL DE LA CASA BATLL\u00d3<\/a>, obra d&#8217;Antoni Gaud\u00ed.<\/p>\n<p style=\"font-weight: 400;\"><span style=\"font-weight: 400;\">Tots i totes els mestres us animem a celebrar plegats la Diada de Sant Jordi!\u00a0<\/span><\/p>\n<p style=\"font-weight: 400;\"><span style=\"font-weight: 400;\">Una forta abra\u00e7ada a tots i totes!<\/span><\/p>\n","protected":false},"excerpt":{"rendered":"<p>Aquesta setmana el calendari ens marca una data important,\u00a0el dia 23 d\u2019abril, Diada de Sant Jordi.<\/p>\n<p>Un data especial, on sortim al carrer a comprar llibres i roses per tots i totes les persones que estimem.\u00a0<br \/>\nPer\u00f2 aquest any ser\u00e0 un any diferent, ja que el male\u00eft&hellip;  <a href=\"https:\/\/agora.xtec.cat\/zercepdesis\/esc-viro\/un-conte-especial\/\" title=\"Read UN CONTE ESPECIAL\">Llegeix m\u00e9s\u00bb<\/a><\/p>\n","protected":false},"author":1,"featured_media":1363,"comment_status":"open","ping_status":"closed","sticky":false,"template":"","format":"standard","meta":{"_bbp_topic_count":0,"_bbp_reply_count":0,"_bbp_total_topic_count":0,"_bbp_total_reply_count":0,"_bbp_voice_count":0,"_bbp_anonymous_reply_count":0,"_bbp_topic_count_hidden":0,"_bbp_reply_count_hidden":0,"_bbp_forum_subforum_count":0,"footnotes":""},"categories":[152,136],"tags":[158,156,157,155,154],"class_list":["post-1361","post","type-post","status-publish","format-standard","has-post-thumbnail","hentry","category-curs-19-20","category-esc-viro","tag-bon-dia-virtual","tag-la-classe-de-lesport","tag-la-classe-de-la-macedonia","tag-les-pastanagues","tag-les-sindries-contentes"],"post_mailing_queue_ids":[],"_links":{"self":[{"href":"https:\/\/agora.xtec.cat\/zercepdesis\/wp-json\/wp\/v2\/posts\/1361","targetHints":{"allow":["GET"]}}],"collection":[{"href":"https:\/\/agora.xtec.cat\/zercepdesis\/wp-json\/wp\/v2\/posts"}],"about":[{"href":"https:\/\/agora.xtec.cat\/zercepdesis\/wp-json\/wp\/v2\/types\/post"}],"author":[{"embeddable":true,"href":"https:\/\/agora.xtec.cat\/zercepdesis\/wp-json\/wp\/v2\/users\/1"}],"replies":[{"embeddable":true,"href":"https:\/\/agora.xtec.cat\/zercepdesis\/wp-json\/wp\/v2\/comments?post=1361"}],"version-history":[{"count":1,"href":"https:\/\/agora.xtec.cat\/zercepdesis\/wp-json\/wp\/v2\/posts\/1361\/revisions"}],"predecessor-version":[{"id":1362,"href":"https:\/\/agora.xtec.cat\/zercepdesis\/wp-json\/wp\/v2\/posts\/1361\/revisions\/1362"}],"wp:featuredmedia":[{"embeddable":true,"href":"https:\/\/agora.xtec.cat\/zercepdesis\/wp-json\/wp\/v2\/media\/1363"}],"wp:attachment":[{"href":"https:\/\/agora.xtec.cat\/zercepdesis\/wp-json\/wp\/v2\/media?parent=1361"}],"wp:term":[{"taxonomy":"category","embeddable":true,"href":"https:\/\/agora.xtec.cat\/zercepdesis\/wp-json\/wp\/v2\/categories?post=1361"},{"taxonomy":"post_tag","embeddable":true,"href":"https:\/\/agora.xtec.cat\/zercepdesis\/wp-json\/wp\/v2\/tags?post=1361"}],"curies":[{"name":"wp","href":"https:\/\/api.w.org\/{rel}","templated":true}]}}