{"id":1314,"date":"2020-11-27T09:31:40","date_gmt":"2020-11-27T08:31:40","guid":{"rendered":"https:\/\/agora.xtec.cat\/zercepdesis\/?p=1314"},"modified":"2021-02-26T09:33:12","modified_gmt":"2021-02-26T08:33:12","slug":"on-poses-la-mirada","status":"publish","type":"post","link":"https:\/\/agora.xtec.cat\/zercepdesis\/esc-mor\/on-poses-la-mirada\/","title":{"rendered":"ON POSES LA MIRADA?"},"content":{"rendered":"<p>Les nenes i els nens de la classe de la constel\u00b7laci\u00f3 hem treball l&#8217;\u00e0lbum il\u00b7lustrat &#8220;Atrapamirades&#8221; de Maria Nu\u00f1ez i Avi Ofer. Aquet \u00e0lbum ens fa reflexionar sobre l&#8217;ab\u00fas de les noves tecnologies. Sobre tot all\u00f2 que es perd la nostra mirada quan est\u00e0 mirant una pantalla, ja siguin imatges precioses com experi\u00e8ncies inolvidables. Els nens i nenes al finalitzar la conversa liter\u00e0ria vam il\u00b7lustrat aix\u00f2 mateix, el que es perd la nostra mirada.<\/p>\n<p>I vosaltres? On poseu la mirada? Qu\u00e8 us perdeu?<\/p>\n<p><a href=\"https:\/\/www.blogger.com\/u\/1\/blog\/post\/edit\/6275359209706119979\/1139718690492684110#\" data-original-attrs=\"{&quot;data-original-href&quot;:&quot;https:\/\/1.bp.blogspot.com\/-5Kfyualk-c8\/X8DG7OTMo1I\/AAAAAAAAmBc\/QJAIiyxGH8IWaggAIQzfXYxKo0jTHLYlwCLcBGAsYHQ\/s2048\/20201105_124328.jpg&quot;,&quot;style&quot;:&quot;&quot;}\"><img loading=\"lazy\" decoding=\"async\" src=\"https:\/\/1.bp.blogspot.com\/-5Kfyualk-c8\/X8DG7OTMo1I\/AAAAAAAAmBc\/QJAIiyxGH8IWaggAIQzfXYxKo0jTHLYlwCLcBGAsYHQ\/w360-h640\/20201105_124328.jpg\" width=\"360\" height=\"640\" border=\"0\" data-original-height=\"2048\" data-original-width=\"1152\" \/><\/a><\/p>\n","protected":false},"excerpt":{"rendered":"<p>Les nenes i els nens de la classe de la constel\u00b7laci\u00f3 hem treball l&#8217;\u00e0lbum il\u00b7lustrat &#8220;Atrapamirades&#8221; de Maria Nu\u00f1ez i Avi Ofer. Aquet \u00e0lbum ens fa reflexionar sobre l&#8217;ab\u00fas de les noves tecnologies. Sobre tot all\u00f2 que es perd la nostra mirada quan est\u00e0 mirant&hellip;  <a href=\"https:\/\/agora.xtec.cat\/zercepdesis\/esc-mor\/on-poses-la-mirada\/\" title=\"Read ON POSES LA MIRADA?\">Llegeix m\u00e9s\u00bb<\/a><\/p>\n","protected":false},"author":1,"featured_media":1315,"comment_status":"open","ping_status":"closed","sticky":false,"template":"","format":"standard","meta":{"_bbp_topic_count":0,"_bbp_reply_count":0,"_bbp_total_topic_count":0,"_bbp_total_reply_count":0,"_bbp_voice_count":0,"_bbp_anonymous_reply_count":0,"_bbp_topic_count_hidden":0,"_bbp_reply_count_hidden":0,"_bbp_forum_subforum_count":0,"footnotes":""},"categories":[159,121],"tags":[118],"class_list":["post-1314","post","type-post","status-publish","format-standard","has-post-thumbnail","hentry","category-curs-20-21sf","category-esc-mor","tag-la-constellacio"],"post_mailing_queue_ids":[],"_links":{"self":[{"href":"https:\/\/agora.xtec.cat\/zercepdesis\/wp-json\/wp\/v2\/posts\/1314","targetHints":{"allow":["GET"]}}],"collection":[{"href":"https:\/\/agora.xtec.cat\/zercepdesis\/wp-json\/wp\/v2\/posts"}],"about":[{"href":"https:\/\/agora.xtec.cat\/zercepdesis\/wp-json\/wp\/v2\/types\/post"}],"author":[{"embeddable":true,"href":"https:\/\/agora.xtec.cat\/zercepdesis\/wp-json\/wp\/v2\/users\/1"}],"replies":[{"embeddable":true,"href":"https:\/\/agora.xtec.cat\/zercepdesis\/wp-json\/wp\/v2\/comments?post=1314"}],"version-history":[{"count":1,"href":"https:\/\/agora.xtec.cat\/zercepdesis\/wp-json\/wp\/v2\/posts\/1314\/revisions"}],"predecessor-version":[{"id":1316,"href":"https:\/\/agora.xtec.cat\/zercepdesis\/wp-json\/wp\/v2\/posts\/1314\/revisions\/1316"}],"wp:featuredmedia":[{"embeddable":true,"href":"https:\/\/agora.xtec.cat\/zercepdesis\/wp-json\/wp\/v2\/media\/1315"}],"wp:attachment":[{"href":"https:\/\/agora.xtec.cat\/zercepdesis\/wp-json\/wp\/v2\/media?parent=1314"}],"wp:term":[{"taxonomy":"category","embeddable":true,"href":"https:\/\/agora.xtec.cat\/zercepdesis\/wp-json\/wp\/v2\/categories?post=1314"},{"taxonomy":"post_tag","embeddable":true,"href":"https:\/\/agora.xtec.cat\/zercepdesis\/wp-json\/wp\/v2\/tags?post=1314"}],"curies":[{"name":"wp","href":"https:\/\/api.w.org\/{rel}","templated":true}]}}